{"id":3893,"date":"2019-03-21T18:28:19","date_gmt":"2019-03-21T17:28:19","guid":{"rendered":"http:\/\/agora.xtec.cat\/ceipsab\/?p=3893"},"modified":"2019-09-17T11:41:54","modified_gmt":"2019-09-17T09:41:54","slug":"preinscripcio-curs-2019-2020","status":"publish","type":"post","link":"https:\/\/agora.xtec.cat\/ceipsab\/portada\/preinscripcio-curs-2019-2020\/","title":{"rendered":"PREINSCRIPCI\u00d3 CURS 2019-2020"},"content":{"rendered":"<p>Benvolgudes fam\u00edlies s&#8217;acosta el per\u00edode de preinscripci\u00f3 pel curs 2019-2020. Us facilitem un document on podreu consultar i aclarir dubtes.<a href=\"https:\/\/agora.xtec.cat\/ceipsab\/wp-content\/uploads\/usu1011\/2019\/03\/Preinscripcions-2019-2020.pdf\" target=\"_blank\" rel=\"noopener noreferrer\"><img loading=\"lazy\" decoding=\"async\" class=\"aligncenter wp-image-3898 size-full\" src=\"https:\/\/agora.xtec.cat\/ceipsab\/wp-content\/uploads\/usu1011\/2019\/03\/Captura-2.png\" alt=\"\" width=\"610\" height=\"82\" srcset=\"https:\/\/agora.xtec.cat\/ceipsab\/wp-content\/uploads\/usu1011\/2019\/03\/Captura-2.png 610w, https:\/\/agora.xtec.cat\/ceipsab\/wp-content\/uploads\/usu1011\/2019\/03\/Captura-2-300x40.png 300w\" sizes=\"auto, (max-width: 610px) 100vw, 610px\" \/><\/a><\/p>\n<p>&nbsp;<\/p>\n<figure class=\"figure wp-caption alignleft\"><a href=\"https:\/\/agora.xtec.cat\/ceipsab\/wp-content\/uploads\/usu1011\/2019\/03\/Sol\u00b7licitud.pdf\" target=\"_blank\" rel=\"noopener noreferrer\"><img loading=\"lazy\" decoding=\"async\" class=\"wp-image-3901 size-thumbnail\" src=\"https:\/\/agora.xtec.cat\/ceipsab\/wp-content\/uploads\/usu1011\/2019\/03\/depositphotos_77354136-stock-illustration-application-form-icon-150x150.jpg\" alt=\"\" width=\"150\" height=\"150\" srcset=\"https:\/\/agora.xtec.cat\/ceipsab\/wp-content\/uploads\/usu1011\/2019\/03\/depositphotos_77354136-stock-illustration-application-form-icon-150x150.jpg 150w, https:\/\/agora.xtec.cat\/ceipsab\/wp-content\/uploads\/usu1011\/2019\/03\/depositphotos_77354136-stock-illustration-application-form-icon-300x300.jpg 300w, https:\/\/agora.xtec.cat\/ceipsab\/wp-content\/uploads\/usu1011\/2019\/03\/depositphotos_77354136-stock-illustration-application-form-icon-768x768.jpg 768w, https:\/\/agora.xtec.cat\/ceipsab\/wp-content\/uploads\/usu1011\/2019\/03\/depositphotos_77354136-stock-illustration-application-form-icon.jpg 1024w\" sizes=\"auto, (max-width: 150px) 100vw, 150px\" \/><\/a><figcaption class=\"wp-caption-text\">SOL\u00b7LICITUD DE PREINSCRIPCI\u00d3<\/figcaption><\/figure>\n","protected":false},"excerpt":{"rendered":"<p>Benvolgudes fam\u00edlies s&#8217;acosta el per\u00edode de preinscripci\u00f3 pel curs 2019-2020. Us facilitem un document on podreu consultar i aclarir dubtes.<a href=\"https:\/\/agora.xtec.cat\/ceipsab\/wp-content\/uploads\/usu1011\/2019\/03\/Preinscripcions-2019-2020.pdf\" target=\"_blank\" rel=\"noopener noreferrer\"><\/a><br \/>\n&nbsp;<br \/>\n<a href=\"https:\/\/agora.xtec.cat\/ceipsab\/wp-content\/uploads\/usu1011\/2019\/03\/Sol\u00b7licitud.pdf\" target=\"_blank\" rel=\"noopener noreferrer\"><\/a>SOL\u00b7LICITUD DE PREINSCRIPCI\u00d3<\/p>\n","protected":false},"author":3,"featured_media":3898,"comment_status":"open","ping_status":"closed","sticky":false,"template":"","format":"standard","meta":{"_bbp_topic_count":0,"_bbp_reply_count":0,"_bbp_total_topic_count":0,"_bbp_total_reply_count":0,"_bbp_voice_count":0,"_bbp_anonymous_reply_count":0,"_bbp_topic_count_hidden":0,"_bbp_reply_count_hidden":0,"_bbp_forum_subforum_count":0,"footnotes":""},"categories":[4],"tags":[],"class_list":["post-3893","post","type-post","status-publish","format-standard","has-post-thumbnail","hentry","category-portada"],"post_mailing_queue_ids":[],"_links":{"self":[{"href":"https:\/\/agora.xtec.cat\/ceipsab\/wp-json\/wp\/v2\/posts\/3893","targetHints":{"allow":["GET"]}}],"collection":[{"href":"https:\/\/agora.xtec.cat\/ceipsab\/wp-json\/wp\/v2\/posts"}],"about":[{"href":"https:\/\/agora.xtec.cat\/ceipsab\/wp-json\/wp\/v2\/types\/post"}],"author":[{"embeddable":true,"href":"https:\/\/agora.xtec.cat\/ceipsab\/wp-json\/wp\/v2\/users\/3"}],"replies":[{"embeddable":true,"href":"https:\/\/agora.xtec.cat\/ceipsab\/wp-json\/wp\/v2\/comments?post=3893"}],"version-history":[{"count":3,"href":"https:\/\/agora.xtec.cat\/ceipsab\/wp-json\/wp\/v2\/posts\/3893\/revisions"}],"predecessor-version":[{"id":4507,"href":"https:\/\/agora.xtec.cat\/ceipsab\/wp-json\/wp\/v2\/posts\/3893\/revisions\/4507"}],"wp:featuredmedia":[{"embeddable":true,"href":"https:\/\/agora.xtec.cat\/ceipsab\/wp-json\/wp\/v2\/media\/3898"}],"wp:attachment":[{"href":"https:\/\/agora.xtec.cat\/ceipsab\/wp-json\/wp\/v2\/media?parent=3893"}],"wp:term":[{"taxonomy":"category","embeddable":true,"href":"https:\/\/agora.xtec.cat\/ceipsab\/wp-json\/wp\/v2\/categories?post=3893"},{"taxonomy":"post_tag","embeddable":true,"href":"https:\/\/agora.xtec.cat\/ceipsab\/wp-json\/wp\/v2\/tags?post=3893"}],"curies":[{"name":"wp","href":"https:\/\/api.w.org\/{rel}","templated":true}]}}