{"id":3866,"date":"2019-03-14T13:15:35","date_gmt":"2019-03-14T12:15:35","guid":{"rendered":"http:\/\/agora.xtec.cat\/ceipsab\/?p=3866"},"modified":"2019-03-14T13:15:35","modified_gmt":"2019-03-14T12:15:35","slug":"anem-al-teatre","status":"publish","type":"post","link":"https:\/\/agora.xtec.cat\/ceipsab\/educacio-infantil\/p4\/anem-al-teatre\/","title":{"rendered":"ANEM AL TEATRE!"},"content":{"rendered":"<p>Hola fam\u00edlies!<\/p>\n<p>Ahir dimecres 13 de mar\u00e7 els nens i nenes de P4 i P5 vam anar al teatre N\u00faria Espert. Vam veure l&#8217;obra &#8220;Maure el dinosaure&#8221; i ens va agradar molt\u00edssim!<\/p>\n<p>Ens voleu veure?<\/p>\n<p><a href=\"https:\/\/photos.app.goo.gl\/E4a78UEoZYVdrBUT9\"><img loading=\"lazy\" decoding=\"async\" class=\"\" src=\"https:\/\/lh3.googleusercontent.com\/Ake3fKOrHxtTZBFerw_nCd9V8-VU0r_QbTg36g_HRDeqmmDOI6FnegP7o23g_drOkXvZZWw-DjXHxzhHxS5bNYe07pqysRi5DJpma5Z96kl7EiKJipr47Xyon0RXYtCqORkdaT_cT1y5Vu4ZB-xPJvXpHzsXlCbqOg8KJZ9pG2iJ3AXA_Tf0PUdyx7yH2Jsy9oUirh2x_i8dP6M16tN-yIg9OmWwZKHeU7MKKaJ5yVh1n1vYCOLouKq1VY0H9huE8A6sSbLuASYZu7Z3_ownaUXaOKBMoYSlhQlZgFAUL-pcHygSnpAEklKtDJUu7NinATp8iHWpLzYi0ngukVZkBoYgZHObDy6SutppLzVryznC6bZDwO0Ssx-tUyqtVBbBpucoEwnBL0DhBIdTjBybUT3mIEy-ORyF6BJgmAtPF_b4xJiAEwtx0WJlBJymdpQ97GB27UjYpuuYVsXsXZ7wWdIBLPJEcAQcrv-cHtzzBaHPZrHnwvztqStKzc7yb2iJOqQLpzQ4EzC09Z3HYyCUmQjMGDJz0gQqlBWPSxSClafpzi4P7X_Hym32bYVTjCFyhKXYdqA1fWj6MEJnY2r1FIcKXCabw62U3l4TVNjtG7__HBPlGkLyxAGX0INpy1d_8nkC6p4dnjL8XvTA2HHvE8MzF6bPEXk=w1024-h578-no\" width=\"385\" height=\"217\" \/><\/a><\/p>\n","protected":false},"excerpt":{"rendered":"<p>Hola fam\u00edlies!<br \/>\nAhir dimecres 13 de mar\u00e7 els nens i nenes de P4 i P5 vam anar al teatre N\u00faria Espert. Vam veure l&#8217;obra &#8220;Maure el dinosaure&#8221; i ens va agradar molt\u00edssim!<br \/>\nEns voleu veure?<br \/>\n<a href=\"https:\/\/photos.app.goo.gl\/E4a78UEoZYVdrBUT9\"><\/a><\/p>\n","protected":false},"author":1,"featured_media":0,"comment_status":"open","ping_status":"closed","sticky":false,"template":"","format":"standard","meta":{"_bbp_topic_count":0,"_bbp_reply_count":0,"_bbp_total_topic_count":0,"_bbp_total_reply_count":0,"_bbp_voice_count":0,"_bbp_anonymous_reply_count":0,"_bbp_topic_count_hidden":0,"_bbp_reply_count_hidden":0,"_bbp_forum_subforum_count":0,"footnotes":""},"categories":[62,8,9],"tags":[],"class_list":["post-3866","post","type-post","status-publish","format-standard","hentry","category-educacio-infantil","category-p4","category-p5"],"post_mailing_queue_ids":[],"_links":{"self":[{"href":"https:\/\/agora.xtec.cat\/ceipsab\/wp-json\/wp\/v2\/posts\/3866","targetHints":{"allow":["GET"]}}],"collection":[{"href":"https:\/\/agora.xtec.cat\/ceipsab\/wp-json\/wp\/v2\/posts"}],"about":[{"href":"https:\/\/agora.xtec.cat\/ceipsab\/wp-json\/wp\/v2\/types\/post"}],"author":[{"embeddable":true,"href":"https:\/\/agora.xtec.cat\/ceipsab\/wp-json\/wp\/v2\/users\/1"}],"replies":[{"embeddable":true,"href":"https:\/\/agora.xtec.cat\/ceipsab\/wp-json\/wp\/v2\/comments?post=3866"}],"version-history":[{"count":1,"href":"https:\/\/agora.xtec.cat\/ceipsab\/wp-json\/wp\/v2\/posts\/3866\/revisions"}],"predecessor-version":[{"id":3868,"href":"https:\/\/agora.xtec.cat\/ceipsab\/wp-json\/wp\/v2\/posts\/3866\/revisions\/3868"}],"wp:attachment":[{"href":"https:\/\/agora.xtec.cat\/ceipsab\/wp-json\/wp\/v2\/media?parent=3866"}],"wp:term":[{"taxonomy":"category","embeddable":true,"href":"https:\/\/agora.xtec.cat\/ceipsab\/wp-json\/wp\/v2\/categories?post=3866"},{"taxonomy":"post_tag","embeddable":true,"href":"https:\/\/agora.xtec.cat\/ceipsab\/wp-json\/wp\/v2\/tags?post=3866"}],"curies":[{"name":"wp","href":"https:\/\/api.w.org\/{rel}","templated":true}]}}