{"id":3785,"date":"2019-03-05T10:23:37","date_gmt":"2019-03-05T09:23:37","guid":{"rendered":"http:\/\/agora.xtec.cat\/ceipsab\/?p=3785"},"modified":"2019-03-05T10:23:37","modified_gmt":"2019-03-05T09:23:37","slug":"p4-carnestoltes","status":"publish","type":"post","link":"https:\/\/agora.xtec.cat\/ceipsab\/educacio-infantil\/p4\/p4-carnestoltes\/","title":{"rendered":"P4 CARNESTOLTES"},"content":{"rendered":"<p>Hola fam\u00edlies!<\/p>\n<p>La setmana passada va ser una setmana molt divertida a l&#8217;escola! El Carnestoltes ens va venir a visitar i ens va manar unes consignes molt divertides.<\/p>\n<p>Els nens i nenes de P4 les vam complir molt b\u00e9! Ens voleu veure?<\/p>\n<p>A m\u00e9s a m\u00e9s! El passat divendres, gr\u00e0cies a l&#8217;AMPA de l&#8217;escola, vam poder gaudir d&#8217;una xocolatada a la classe per celebrar la festa! Ens ho vam passar d&#8217;all\u00f2 m\u00e9s b\u00e9!<\/p>\n<p>P4A ( Cliqueu a la imatge per veure m\u00e9s fotografies)<\/p>\n<p><a href=\"https:\/\/photos.app.goo.gl\/4FnJeWJLRWsfDyXc7\"><img loading=\"lazy\" decoding=\"async\" class=\"\" src=\"https:\/\/lh3.googleusercontent.com\/BobPaMWLezNMTfeMlPZJTAtQxMEE_09-NcPxkLD60ZisSNACY_2xiBeDHHe-vpsz0K6K4d7dRBqSSIo7JwNoseonSvvkA8DCtI1JLbaBwfDBv6rt-kIzl3gjjYE5jh1Wyp3CA7RyeBZiVL-ydCB0LyVrl9S1Om18gdXz06ENcn_FMeGbpyvZ1HDEJj3834KsYsUnYrTIpfeCejX1B2uuRoFJzqMbyq4AM6vX4s8O3IpQMFGt5FC0puQ1Vrnx0VNiv_mTgbfqmf2ElmBlNncjpZa7fAprXad6NsxyJvXAPGHGtr6Ym0VYyeKxCd0Q5Q5kX9pKEcw_aT7PuL5n2FfNYk6pVenPzBZo-2hWRB2LDv5R5THh0bSAb1w1As93M12E2e67dW3RvPtAwxF2HeYUgjbwikxL2pkib7YkGJw3GnyPLQdGcYwmStnQP-BXXWX0mUGWGI7cvb39yK0rhKAUbki4o6pGqCpkDlAs8BKOqZHsY0fMsya_xVXwEt_Q-QtyqipXZhXHbe-UaUKRyh-DMnA90WqJWhWenJ55u8dEZpy12PmwlJ39kUUnGtB9dOsoUnZB7RwNF1QLzrt1efBrF2Z5P3bWG5oA0YPY0y1qlurNRX0jTxVdSvQzX5omyVh7J2LtVZnmawTGlSrNZKxaP2uOVkuygN0=w876-h657-no\" width=\"363\" height=\"272\" \/><\/a><\/p>\n<p>P4B( Cliqueu a la imatge per veure m\u00e9s fotografies)<\/p>\n<p><a href=\"https:\/\/photos.app.goo.gl\/Fu1k3PUK3yotYcWU9\"><img loading=\"lazy\" decoding=\"async\" class=\"\" src=\"https:\/\/lh3.googleusercontent.com\/ZeL_jEWRyurPxMbA47lM8RDZm-bOtmWdBuyBydNCP1LeQNcCoTt-Bsmv1QlqurpY1vlQUpTPcE0GJG828K9NdLfcc7xw673D66NrI0Nq8goT29gO6MI69H4q7ijH8r3FyJv5KK888ZCZgyuS-hCqF1xmCqiRo4QeT7Hf_4t7jHM2aoGrNG81OdR_Stb-3Pl3bEB2qIHothEfimH7frsejPABC4LzmDzfutc3fX3dBa8Coh02qOPLFDwmD-tEUnVu04pG_IMj-X6MT2WTRXGKinkX_batopCZiwQ30xeRo5Mu5xb6plnrea_9hMRePTZGCUnzl-JbScjMkkYMjweoQpHFkNGRKJTxzl1EnXnFKmNxyhVAVFUUz7Ktn7kkHQaB543aEGdvOJUaED6oxFPT8pomaaj3siwb8ONWmQZlry9JDZHi_Pge9jqr0kS2uHXXJu6bxMMyKwWjolAATnjD5Otkg1mNrWjGzdUhjb0tpdLqNSOS4-3kj2o6PjXD6H5vFds9PzrkW4RVQDGnCQqYAoXuXJ_uE5rwmhRIl_w3T1mDUsuK-gsN4Sdhx5K0eRopK4MvyeXUhQ1SP0gAMZceJm8FCg_4mCdwh_3JnDmFcH0M5pWK0AbP81hepEOuNYKf7KMou4gmt3uVWgM5IKkQ3o1BjuZGtNM=w1024-h578-no\" width=\"361\" height=\"203\" \/><\/a><\/p>\n","protected":false},"excerpt":{"rendered":"<p>Hola fam\u00edlies!<br \/>\nLa setmana passada va ser una setmana molt divertida a l&#8217;escola! El Carnestoltes ens va venir a visitar i ens va manar unes consignes molt divertides.<br \/>\nEls nens i nenes de P4 les vam complir molt b\u00e9! Ens voleu veure?<br \/>\nA m\u00e9s a m\u00e9s! El passat&hellip;  <a href=\"https:\/\/agora.xtec.cat\/ceipsab\/educacio-infantil\/p4\/p4-carnestoltes\/\" title=\"Read P4 CARNESTOLTES\">Llegeix m\u00e9s\u00bb<\/a><\/p>\n","protected":false},"author":1,"featured_media":0,"comment_status":"open","ping_status":"closed","sticky":false,"template":"","format":"standard","meta":{"_bbp_topic_count":0,"_bbp_reply_count":0,"_bbp_total_topic_count":0,"_bbp_total_reply_count":0,"_bbp_voice_count":0,"_bbp_anonymous_reply_count":0,"_bbp_topic_count_hidden":0,"_bbp_reply_count_hidden":0,"_bbp_forum_subforum_count":0,"footnotes":""},"categories":[62,8],"tags":[],"class_list":["post-3785","post","type-post","status-publish","format-standard","hentry","category-educacio-infantil","category-p4"],"post_mailing_queue_ids":[],"_links":{"self":[{"href":"https:\/\/agora.xtec.cat\/ceipsab\/wp-json\/wp\/v2\/posts\/3785","targetHints":{"allow":["GET"]}}],"collection":[{"href":"https:\/\/agora.xtec.cat\/ceipsab\/wp-json\/wp\/v2\/posts"}],"about":[{"href":"https:\/\/agora.xtec.cat\/ceipsab\/wp-json\/wp\/v2\/types\/post"}],"author":[{"embeddable":true,"href":"https:\/\/agora.xtec.cat\/ceipsab\/wp-json\/wp\/v2\/users\/1"}],"replies":[{"embeddable":true,"href":"https:\/\/agora.xtec.cat\/ceipsab\/wp-json\/wp\/v2\/comments?post=3785"}],"version-history":[{"count":1,"href":"https:\/\/agora.xtec.cat\/ceipsab\/wp-json\/wp\/v2\/posts\/3785\/revisions"}],"predecessor-version":[{"id":3786,"href":"https:\/\/agora.xtec.cat\/ceipsab\/wp-json\/wp\/v2\/posts\/3785\/revisions\/3786"}],"wp:attachment":[{"href":"https:\/\/agora.xtec.cat\/ceipsab\/wp-json\/wp\/v2\/media?parent=3785"}],"wp:term":[{"taxonomy":"category","embeddable":true,"href":"https:\/\/agora.xtec.cat\/ceipsab\/wp-json\/wp\/v2\/categories?post=3785"},{"taxonomy":"post_tag","embeddable":true,"href":"https:\/\/agora.xtec.cat\/ceipsab\/wp-json\/wp\/v2\/tags?post=3785"}],"curies":[{"name":"wp","href":"https:\/\/api.w.org\/{rel}","templated":true}]}}