{"id":3778,"date":"2019-03-05T09:27:26","date_gmt":"2019-03-05T08:27:26","guid":{"rendered":"http:\/\/agora.xtec.cat\/ceipsab\/?p=3778"},"modified":"2019-03-05T09:27:26","modified_gmt":"2019-03-05T08:27:26","slug":"celebrem-el-carnestoltes","status":"publish","type":"post","link":"https:\/\/agora.xtec.cat\/ceipsab\/portada\/celebrem-el-carnestoltes\/","title":{"rendered":"CELEBREM EL CARNESTOLTES!!"},"content":{"rendered":"<p>Durant la setmana passada els nens i nenes de segon vam celebrar a l&#8217;escola el carnestoltes. Va ser molt divertit!! Ens va agradar molt les consignes que ens va dir el rei Carnestoltes. Tamb\u00e9 volem donar les gr\u00e0cies a l&#8217;AMPA per la xocolata que ens va donar, estava bon\u00edssima!! El divendres pel mat\u00ed vam anar al pati d&#8217;infantil a ballar amb els nens petits. I per \u00faltim, la gran rua que vam fer al pati, despr\u00e9s de molt practicar el ball ens va sortir molt b\u00e9.<\/p>\n<p>Aqu\u00ed us deixem les fotos de la setmana m\u00e9s divertida a l&#8217;escola!!!<\/p>\n<p style=\"text-align: center\"><strong>CONSIGNES<\/strong><\/p>\n<p>&nbsp;<\/p>\n<p><a href=\"https:\/\/photos.app.goo.gl\/aj6qHwYHxzwraqxn6\"><br \/>\n<img loading=\"lazy\" decoding=\"async\" class=\"aligncenter\" src=\"https:\/\/genius.diba.cat\/image\/image_gallery?uuid=5cda1971-0bf3-4dc5-848a-0b5ebd13e778&amp;groupId=6200569&amp;t=1390213334105\" alt=\"Resultat d'imatges de dibuixos de carnaval\" width=\"194\" height=\"194\" \/><\/a><\/p>\n<p style=\"text-align: center\"><strong>XOCOLATADA<\/strong><\/p>\n<p><a href=\"https:\/\/photos.app.goo.gl\/GpmJsK6UDjcrfRuZ7\"><br \/>\n<img loading=\"lazy\" decoding=\"async\" class=\"aligncenter\" src=\"https:\/\/png.pngtree.com\/element_origin_min_pic\/17\/09\/26\/19d6158fb28f3f48f6c83ebe4c766da1.jpg\" alt=\"Imatge relacionada\" width=\"176\" height=\"215\" \/><\/a><\/p>\n<p style=\"text-align: center\"><strong>FESTA AL PATI D&#8217;INFANTIL<\/strong><\/p>\n<p><a href=\"https:\/\/photos.app.goo.gl\/zP7b6Aup6GdpAZ1Y6\"><img loading=\"lazy\" decoding=\"async\" class=\"aligncenter\" src=\"https:\/\/previews.123rf.com\/images\/kakigori\/kakigori1208\/kakigori120800017\/14823976-dos-ni%C3%B1os-un-muchacho-y-una-chica-bailando-lleno-de-felicidad.jpg\" alt=\"Imatge relacionada\" width=\"198\" height=\"198\" \/><\/a><\/p>\n<p style=\"text-align: center\"><strong>RUA<\/strong><\/p>\n<p><a href=\"https:\/\/photos.app.goo.gl\/8hgydbBiPZY3PN349\"><img loading=\"lazy\" decoding=\"async\" class=\"aligncenter\" src=\"https:\/\/previews.123rf.com\/images\/dualororua\/dualororua1710\/dualororua171000105\/88048106-ilustraci%C3%B3n-de-estilo-de-dibujos-animados-de-ni%C3%B1os-en-disfraces-de-halloween-.jpg\" alt=\"Resultat d'imatges de dibujos de ni\u00c3\u00b1os disfrazados\" width=\"269\" height=\"130\" \/><\/a><\/p>\n<p>Cliqueu les imatges<\/p>\n<p>&nbsp;<\/p>\n","protected":false},"excerpt":{"rendered":"<p>Durant la setmana passada els nens i nenes de segon vam celebrar a l&#8217;escola el carnestoltes. Va ser molt divertit!! Ens va agradar molt les consignes que ens va dir el rei Carnestoltes. Tamb\u00e9 volem donar les gr\u00e0cies a l&#8217;AMPA per la xocolata que ens&hellip;  <a href=\"https:\/\/agora.xtec.cat\/ceipsab\/portada\/celebrem-el-carnestoltes\/\" title=\"Read CELEBREM EL CARNESTOLTES!!\">Llegeix m\u00e9s\u00bb<\/a><\/p>\n","protected":false},"author":14,"featured_media":0,"comment_status":"open","ping_status":"closed","sticky":false,"template":"","format":"standard","meta":{"_bbp_topic_count":0,"_bbp_reply_count":0,"_bbp_total_topic_count":0,"_bbp_total_reply_count":0,"_bbp_voice_count":0,"_bbp_anonymous_reply_count":0,"_bbp_topic_count_hidden":0,"_bbp_reply_count_hidden":0,"_bbp_forum_subforum_count":0,"footnotes":""},"categories":[11,63,5,4],"tags":[57],"class_list":["post-3778","post","type-post","status-publish","format-standard","hentry","category-2n","category-cicle-inicial","category-primaria","category-portada","tag-carnestoltes"],"post_mailing_queue_ids":[],"_links":{"self":[{"href":"https:\/\/agora.xtec.cat\/ceipsab\/wp-json\/wp\/v2\/posts\/3778","targetHints":{"allow":["GET"]}}],"collection":[{"href":"https:\/\/agora.xtec.cat\/ceipsab\/wp-json\/wp\/v2\/posts"}],"about":[{"href":"https:\/\/agora.xtec.cat\/ceipsab\/wp-json\/wp\/v2\/types\/post"}],"author":[{"embeddable":true,"href":"https:\/\/agora.xtec.cat\/ceipsab\/wp-json\/wp\/v2\/users\/14"}],"replies":[{"embeddable":true,"href":"https:\/\/agora.xtec.cat\/ceipsab\/wp-json\/wp\/v2\/comments?post=3778"}],"version-history":[{"count":3,"href":"https:\/\/agora.xtec.cat\/ceipsab\/wp-json\/wp\/v2\/posts\/3778\/revisions"}],"predecessor-version":[{"id":3781,"href":"https:\/\/agora.xtec.cat\/ceipsab\/wp-json\/wp\/v2\/posts\/3778\/revisions\/3781"}],"wp:attachment":[{"href":"https:\/\/agora.xtec.cat\/ceipsab\/wp-json\/wp\/v2\/media?parent=3778"}],"wp:term":[{"taxonomy":"category","embeddable":true,"href":"https:\/\/agora.xtec.cat\/ceipsab\/wp-json\/wp\/v2\/categories?post=3778"},{"taxonomy":"post_tag","embeddable":true,"href":"https:\/\/agora.xtec.cat\/ceipsab\/wp-json\/wp\/v2\/tags?post=3778"}],"curies":[{"name":"wp","href":"https:\/\/api.w.org\/{rel}","templated":true}]}}