{"id":3764,"date":"2019-03-04T22:54:51","date_gmt":"2019-03-04T21:54:51","guid":{"rendered":"http:\/\/agora.xtec.cat\/ceipsab\/?p=3764"},"modified":"2019-05-02T13:43:38","modified_gmt":"2019-05-02T11:43:38","slug":"contacontes-del-mes-de-gener","status":"publish","type":"post","link":"https:\/\/agora.xtec.cat\/ceipsab\/educacio-infantil\/p4\/contacontes-del-mes-de-gener\/","title":{"rendered":"Contacontes del mes de Gener"},"content":{"rendered":"<p>Els contacontes d&#8217;aquest mes de Gener s\u00f3n:<\/p>\n<p>-Mar\u00eda, que ens ha explicat el conte &#8220;De quin color \u00e9s un pet\u00f3?&#8221;<\/p>\n<p>-Nil, amb el conte de &#8220;La Caputxeta&#8221;.<\/p>\n<p>-L&#8217;Arlet ens ha volgut contar &#8220;La Blancaneus&#8221;.<\/p>\n<p>Hem de dir que tots plegats ho han fet moooooolt b\u00e9 i ens ha agradat tenir-los com a narradors a la classe!!<\/p>\n<p><a href=\"https:\/\/photos.app.goo.gl\/gVn5EWhNTRewVGL89\" target=\"_blank\" rel=\"noopener\"><img loading=\"lazy\" decoding=\"async\" class=\"alignnone wp-image-3765 size-full\" src=\"https:\/\/agora.xtec.cat\/ceipsab\/wp-content\/uploads\/usu1011\/2019\/03\/libros-1486572073275.jpg\" alt=\"\" width=\"712\" height=\"350\" srcset=\"https:\/\/agora.xtec.cat\/ceipsab\/wp-content\/uploads\/usu1011\/2019\/03\/libros-1486572073275.jpg 712w, https:\/\/agora.xtec.cat\/ceipsab\/wp-content\/uploads\/usu1011\/2019\/03\/libros-1486572073275-300x147.jpg 300w\" sizes=\"auto, (max-width: 712px) 100vw, 712px\" \/><\/a><\/p>\n","protected":false},"excerpt":{"rendered":"<p>Els contacontes d&#8217;aquest mes de Gener s\u00f3n:<br \/>\n-Mar\u00eda, que ens ha explicat el conte &#8220;De quin color \u00e9s un pet\u00f3?&#8221;<br \/>\n-Nil, amb el conte de &#8220;La Caputxeta&#8221;.<br \/>\n-L&#8217;Arlet ens ha volgut contar &#8220;La Blancaneus&#8221;.<br \/>\nHem de dir que tots plegats ho han fet moooooolt b\u00e9 i ens ha agradat&hellip;  <a href=\"https:\/\/agora.xtec.cat\/ceipsab\/educacio-infantil\/p4\/contacontes-del-mes-de-gener\/\" title=\"Read Contacontes del mes de Gener\">Llegeix m\u00e9s\u00bb<\/a><\/p>\n","protected":false},"author":3,"featured_media":0,"comment_status":"open","ping_status":"closed","sticky":false,"template":"","format":"standard","meta":{"_bbp_topic_count":0,"_bbp_reply_count":0,"_bbp_total_topic_count":0,"_bbp_total_reply_count":0,"_bbp_voice_count":0,"_bbp_anonymous_reply_count":0,"_bbp_topic_count_hidden":0,"_bbp_reply_count_hidden":0,"_bbp_forum_subforum_count":0,"footnotes":""},"categories":[62,8],"tags":[],"class_list":["post-3764","post","type-post","status-publish","format-standard","hentry","category-educacio-infantil","category-p4"],"post_mailing_queue_ids":[],"_links":{"self":[{"href":"https:\/\/agora.xtec.cat\/ceipsab\/wp-json\/wp\/v2\/posts\/3764","targetHints":{"allow":["GET"]}}],"collection":[{"href":"https:\/\/agora.xtec.cat\/ceipsab\/wp-json\/wp\/v2\/posts"}],"about":[{"href":"https:\/\/agora.xtec.cat\/ceipsab\/wp-json\/wp\/v2\/types\/post"}],"author":[{"embeddable":true,"href":"https:\/\/agora.xtec.cat\/ceipsab\/wp-json\/wp\/v2\/users\/3"}],"replies":[{"embeddable":true,"href":"https:\/\/agora.xtec.cat\/ceipsab\/wp-json\/wp\/v2\/comments?post=3764"}],"version-history":[{"count":3,"href":"https:\/\/agora.xtec.cat\/ceipsab\/wp-json\/wp\/v2\/posts\/3764\/revisions"}],"predecessor-version":[{"id":3774,"href":"https:\/\/agora.xtec.cat\/ceipsab\/wp-json\/wp\/v2\/posts\/3764\/revisions\/3774"}],"wp:attachment":[{"href":"https:\/\/agora.xtec.cat\/ceipsab\/wp-json\/wp\/v2\/media?parent=3764"}],"wp:term":[{"taxonomy":"category","embeddable":true,"href":"https:\/\/agora.xtec.cat\/ceipsab\/wp-json\/wp\/v2\/categories?post=3764"},{"taxonomy":"post_tag","embeddable":true,"href":"https:\/\/agora.xtec.cat\/ceipsab\/wp-json\/wp\/v2\/tags?post=3764"}],"curies":[{"name":"wp","href":"https:\/\/api.w.org\/{rel}","templated":true}]}}