{"id":3731,"date":"2019-02-25T10:30:25","date_gmt":"2019-02-25T09:30:25","guid":{"rendered":"http:\/\/agora.xtec.cat\/ceipsab\/?p=3731"},"modified":"2019-02-25T10:31:02","modified_gmt":"2019-02-25T09:31:02","slug":"ja-ha-arribat-el-carnestoltes","status":"publish","type":"post","link":"https:\/\/agora.xtec.cat\/ceipsab\/portada\/ja-ha-arribat-el-carnestoltes\/","title":{"rendered":"JA HA ARRIBAT EL CARNESTOLTES AL CICLE INICIAL"},"content":{"rendered":"<p>Tots els alumnes de Cicle Inicial hem anat aquesta tarda a rebre a sa Majestat el rei Carnestoltes.<\/p>\n<p>Com cada any ens estava esperant, assegut al seu tro,\u00a0 a la sala de psicomotricitat de l&#8217;escola. All\u00e0, amb l&#8217;ajuda d&#8217;alguns alumnes de 6\u00e8 , ens ha informat de les consignes que haurem de portar durant tota la setmana.<\/p>\n<p>Nosaltres l&#8217;hem rebut amb les nostres m\u00e0scares que vam elaborar al taller de pl\u00e0stica.<\/p>\n<p>Ens ho hem passat d&#8217;all\u00f2 m\u00e9s b\u00e9.<\/p>\n<p>Comen\u00e7a la setmana de la gresca i la xerinola !!!!<\/p>\n<p>Visca el rei Carnestoltes.<\/p>\n<p>&nbsp;<\/p>\n<p><a href=\"https:\/\/photos.app.goo.gl\/d4GmqQSJsKkcQSF76\"><br \/>\n<img loading=\"lazy\" decoding=\"async\" class=\"wp-image-3733 aligncenter\" src=\"https:\/\/agora.xtec.cat\/ceipsab\/wp-content\/uploads\/usu1011\/2019\/02\/carnestoltes-i-contes.jpg\" alt=\"\" width=\"184\" height=\"206\" srcset=\"https:\/\/agora.xtec.cat\/ceipsab\/wp-content\/uploads\/usu1011\/2019\/02\/carnestoltes-i-contes.jpg 379w, https:\/\/agora.xtec.cat\/ceipsab\/wp-content\/uploads\/usu1011\/2019\/02\/carnestoltes-i-contes-269x300.jpg 269w\" sizes=\"auto, (max-width: 184px) 100vw, 184px\" \/><\/a><\/p>\n<p style=\"text-align: center\">(cliqueu per veure les fotos)<\/p>\n","protected":false},"excerpt":{"rendered":"<p>Tots els alumnes de Cicle Inicial hem anat aquesta tarda a rebre a sa Majestat el rei Carnestoltes.<br \/>\nCom cada any ens estava esperant, assegut al seu tro,\u00a0 a la sala de psicomotricitat de l&#8217;escola. All\u00e0, amb l&#8217;ajuda d&#8217;alguns alumnes de 6\u00e8 , ens ha informat&hellip;  <a href=\"https:\/\/agora.xtec.cat\/ceipsab\/portada\/ja-ha-arribat-el-carnestoltes\/\" title=\"Read JA HA ARRIBAT EL CARNESTOLTES AL CICLE INICIAL\">Llegeix m\u00e9s\u00bb<\/a><\/p>\n","protected":false},"author":1,"featured_media":0,"comment_status":"open","ping_status":"closed","sticky":false,"template":"","format":"standard","meta":{"_bbp_topic_count":0,"_bbp_reply_count":0,"_bbp_total_topic_count":0,"_bbp_total_reply_count":0,"_bbp_voice_count":0,"_bbp_anonymous_reply_count":0,"_bbp_topic_count_hidden":0,"_bbp_reply_count_hidden":0,"_bbp_forum_subforum_count":0,"footnotes":""},"categories":[10,11,63,5,4],"tags":[],"class_list":["post-3731","post","type-post","status-publish","format-standard","hentry","category-1r","category-2n","category-cicle-inicial","category-primaria","category-portada"],"post_mailing_queue_ids":[],"_links":{"self":[{"href":"https:\/\/agora.xtec.cat\/ceipsab\/wp-json\/wp\/v2\/posts\/3731","targetHints":{"allow":["GET"]}}],"collection":[{"href":"https:\/\/agora.xtec.cat\/ceipsab\/wp-json\/wp\/v2\/posts"}],"about":[{"href":"https:\/\/agora.xtec.cat\/ceipsab\/wp-json\/wp\/v2\/types\/post"}],"author":[{"embeddable":true,"href":"https:\/\/agora.xtec.cat\/ceipsab\/wp-json\/wp\/v2\/users\/1"}],"replies":[{"embeddable":true,"href":"https:\/\/agora.xtec.cat\/ceipsab\/wp-json\/wp\/v2\/comments?post=3731"}],"version-history":[{"count":3,"href":"https:\/\/agora.xtec.cat\/ceipsab\/wp-json\/wp\/v2\/posts\/3731\/revisions"}],"predecessor-version":[{"id":3736,"href":"https:\/\/agora.xtec.cat\/ceipsab\/wp-json\/wp\/v2\/posts\/3731\/revisions\/3736"}],"wp:attachment":[{"href":"https:\/\/agora.xtec.cat\/ceipsab\/wp-json\/wp\/v2\/media?parent=3731"}],"wp:term":[{"taxonomy":"category","embeddable":true,"href":"https:\/\/agora.xtec.cat\/ceipsab\/wp-json\/wp\/v2\/categories?post=3731"},{"taxonomy":"post_tag","embeddable":true,"href":"https:\/\/agora.xtec.cat\/ceipsab\/wp-json\/wp\/v2\/tags?post=3731"}],"curies":[{"name":"wp","href":"https:\/\/api.w.org\/{rel}","templated":true}]}}