{"id":3730,"date":"2019-02-25T10:20:36","date_gmt":"2019-02-25T09:20:36","guid":{"rendered":"http:\/\/agora.xtec.cat\/ceipsab\/?p=3730"},"modified":"2019-02-25T10:20:36","modified_gmt":"2019-02-25T09:20:36","slug":"ja-es-aqui-sa-majestat-el-rei-carnestoltes","status":"publish","type":"post","link":"https:\/\/agora.xtec.cat\/ceipsab\/portada\/ja-es-aqui-sa-majestat-el-rei-carnestoltes\/","title":{"rendered":"JA \u00c9S AQU\u00cd SA MAJESTAT, EL REI CARNESTOLTES"},"content":{"rendered":"<p style=\"text-align: center;\"><span style=\"font-weight: 400;\">PREG\u00d3 CARNESTOLTES.<\/span><\/p>\n<p style=\"text-align: center;\"><span style=\"font-weight: 400;\">Hola nens i nenes! Com esteu? <\/span><\/p>\n<p style=\"text-align: center;\"><span style=\"font-weight: 400;\">I vosaltres mestres, que no ens saludeu?<\/span><\/p>\n<p style=\"text-align: center;\"><span style=\"font-weight: 400;\">Us faig saber que ja he arribat <\/span><\/p>\n<p style=\"text-align: center;\"><span style=\"font-weight: 400;\">i que l\u2019avorriment s\u2019ha acabat!<\/span><\/p>\n<p>&nbsp;<\/p>\n<p style=\"text-align: center;\"><span style=\"font-weight: 400;\">Ha passat un any i la gresca i la xerinola<\/span><\/p>\n<p style=\"text-align: center;\"><span style=\"font-weight: 400;\">un altre cop arriben a aquesta escola!<\/span><\/p>\n<p style=\"text-align: center;\"><span style=\"font-weight: 400;\">Cantarem, ballarem i riurem<\/span><\/p>\n<p style=\"text-align: center;\"><span style=\"font-weight: 400;\">i d\u2019all\u00f2 m\u00e9s b\u00e9 ens ho passarem!<\/span><\/p>\n<p>&nbsp;<\/p>\n<p style=\"text-align: center;\"><span style=\"font-weight: 400;\">Si a la festa voleu participar <\/span><\/p>\n<p style=\"text-align: center;\"><span style=\"font-weight: 400;\">una consigna cada dia haureu de portar<\/span><\/p>\n<p style=\"text-align: center;\"><span style=\"font-weight: 400;\">obriu b\u00e9 les orelles que us les dir\u00e9,<\/span><\/p>\n<p style=\"text-align: center;\"><span style=\"font-weight: 400;\">aquest any amb diferents coses us sorprendr\u00e9<\/span><\/p>\n<p style=\"text-align: center;\"><span style=\"font-weight: 400;\">si no les feu ho passareu malament<\/span><\/p>\n<p style=\"text-align: center;\"><span style=\"font-weight: 400;\">perqu\u00e8 la cara us pintarem de vermell.<\/span><\/p>\n<p style=\"text-align: center;\"><span style=\"font-weight: 400;\">Dilluns roba esportiva us posareu<\/span><\/p>\n<p style=\"text-align: center;\"><span style=\"font-weight: 400;\">que de segur que us divertireu!<\/span><\/p>\n<p style=\"text-align: center;\"><span style=\"font-weight: 400;\">Dimarts amb roba dels pares vindreu <\/span><\/p>\n<p style=\"text-align: center;\"><span style=\"font-weight: 400;\">per que al vostre armari roba no trobareu!<\/span><\/p>\n<p style=\"text-align: center;\"><span style=\"font-weight: 400;\">Dimecres amb la cara pintada arribareu<\/span><\/p>\n<p style=\"text-align: center;\"><span style=\"font-weight: 400;\">que tacats amb els amics gaudireu!<\/span><\/p>\n<p style=\"text-align: center;\"><span style=\"font-weight: 400;\">Dijous vindreu amb una sabata de cada<\/span><\/p>\n<p style=\"text-align: center;\"><span style=\"font-weight: 400;\">ja que la moda est\u00e0 passada.<\/span><\/p>\n<p style=\"text-align: center;\"><span style=\"font-weight: 400;\">Divendres una disfressa lliure portareu<\/span><\/p>\n<p style=\"text-align: center;\"><span style=\"font-weight: 400;\">perqu\u00e8 la xerinola escoltareu!<\/span><\/p>\n<p style=\"text-align: center;\"><span style=\"font-weight: 400;\">Els pares vindran <\/span><\/p>\n<p style=\"text-align: center;\"><span style=\"font-weight: 400;\">fotos i v\u00eddeos ens faran<\/span><\/p>\n<p style=\"text-align: center;\"><span style=\"font-weight: 400;\">i una coreografia farem<\/span><\/p>\n<p style=\"text-align: center;\"><span style=\"font-weight: 400;\">per lluir-nos de valent!<\/span><\/p>\n<p style=\"text-align: center;\"><span style=\"font-weight: 400;\">Esperem que disfruteu d\u2019aquesta festa,<\/span><\/p>\n<p style=\"text-align: center;\"><span style=\"font-weight: 400;\">per fi arriba la gresca!<\/span><\/p>\n<p>https:\/\/youtu.be\/odqcOdVvjzk<br \/>\nhttps:\/\/youtu.be\/R3im5a_Jl9U<br \/>\nhttps:\/\/youtu.be\/kdXfSKS-tnE<br \/>\nhttps:\/\/youtu.be\/7IW_3EoZaEI<br \/>\nhttps:\/\/youtu.be\/8THxYNmR7BM<\/p>\n<p><a href=\"https:\/\/photos.app.goo.gl\/mLQewTJGPUJMfQSs5\"><img loading=\"lazy\" decoding=\"async\" class=\"wp-image-3726 size-medium alignleft\" src=\"https:\/\/agora.xtec.cat\/ceipsab\/wp-content\/uploads\/usu1011\/2019\/02\/CM4-300x169.jpg\" alt=\"\" width=\"300\" height=\"169\" srcset=\"https:\/\/agora.xtec.cat\/ceipsab\/wp-content\/uploads\/usu1011\/2019\/02\/CM4-300x169.jpg 300w, https:\/\/agora.xtec.cat\/ceipsab\/wp-content\/uploads\/usu1011\/2019\/02\/CM4-768x432.jpg 768w, https:\/\/agora.xtec.cat\/ceipsab\/wp-content\/uploads\/usu1011\/2019\/02\/CM4-1024x576.jpg 1024w\" sizes=\"auto, (max-width: 300px) 100vw, 300px\" \/><\/a><\/p>\n","protected":false},"excerpt":{"rendered":"<p>PREG\u00d3 CARNESTOLTES.<br \/>\nHola nens i nenes! Com esteu?<br \/>\nI vosaltres mestres, que no ens saludeu?<br \/>\nUs faig saber que ja he arribat<br \/>\ni que l\u2019avorriment s\u2019ha acabat!<br \/>\n&nbsp;<br \/>\nHa passat un any i la gresca i la xerinola<br \/>\nun altre cop arriben a aquesta escola!<br \/>\nCantarem, ballarem i riurem<br \/>\ni d\u2019all\u00f2 m\u00e9s&hellip;  <a href=\"https:\/\/agora.xtec.cat\/ceipsab\/portada\/ja-es-aqui-sa-majestat-el-rei-carnestoltes\/\" title=\"Read JA \u00c9S AQU\u00cd SA MAJESTAT, EL REI CARNESTOLTES\">Llegeix m\u00e9s\u00bb<\/a><\/p>\n","protected":false},"author":3,"featured_media":3625,"comment_status":"open","ping_status":"closed","sticky":false,"template":"","format":"standard","meta":{"_bbp_topic_count":0,"_bbp_reply_count":0,"_bbp_total_topic_count":0,"_bbp_total_reply_count":0,"_bbp_voice_count":0,"_bbp_anonymous_reply_count":0,"_bbp_topic_count_hidden":0,"_bbp_reply_count_hidden":0,"_bbp_forum_subforum_count":0,"footnotes":""},"categories":[63,64,65,62,5,4],"tags":[],"class_list":["post-3730","post","type-post","status-publish","format-standard","has-post-thumbnail","hentry","category-cicle-inicial","category-cicle-mitja","category-cicle-superior","category-educacio-infantil","category-primaria","category-portada"],"post_mailing_queue_ids":[],"_links":{"self":[{"href":"https:\/\/agora.xtec.cat\/ceipsab\/wp-json\/wp\/v2\/posts\/3730","targetHints":{"allow":["GET"]}}],"collection":[{"href":"https:\/\/agora.xtec.cat\/ceipsab\/wp-json\/wp\/v2\/posts"}],"about":[{"href":"https:\/\/agora.xtec.cat\/ceipsab\/wp-json\/wp\/v2\/types\/post"}],"author":[{"embeddable":true,"href":"https:\/\/agora.xtec.cat\/ceipsab\/wp-json\/wp\/v2\/users\/3"}],"replies":[{"embeddable":true,"href":"https:\/\/agora.xtec.cat\/ceipsab\/wp-json\/wp\/v2\/comments?post=3730"}],"version-history":[{"count":1,"href":"https:\/\/agora.xtec.cat\/ceipsab\/wp-json\/wp\/v2\/posts\/3730\/revisions"}],"predecessor-version":[{"id":3732,"href":"https:\/\/agora.xtec.cat\/ceipsab\/wp-json\/wp\/v2\/posts\/3730\/revisions\/3732"}],"wp:featuredmedia":[{"embeddable":true,"href":"https:\/\/agora.xtec.cat\/ceipsab\/wp-json\/wp\/v2\/media\/3625"}],"wp:attachment":[{"href":"https:\/\/agora.xtec.cat\/ceipsab\/wp-json\/wp\/v2\/media?parent=3730"}],"wp:term":[{"taxonomy":"category","embeddable":true,"href":"https:\/\/agora.xtec.cat\/ceipsab\/wp-json\/wp\/v2\/categories?post=3730"},{"taxonomy":"post_tag","embeddable":true,"href":"https:\/\/agora.xtec.cat\/ceipsab\/wp-json\/wp\/v2\/tags?post=3730"}],"curies":[{"name":"wp","href":"https:\/\/api.w.org\/{rel}","templated":true}]}}