{"id":3709,"date":"2019-02-22T11:18:44","date_gmt":"2019-02-22T10:18:44","guid":{"rendered":"http:\/\/agora.xtec.cat\/ceipsab\/?p=3709"},"modified":"2019-02-22T11:18:44","modified_gmt":"2019-02-22T10:18:44","slug":"teatre-de-musica","status":"publish","type":"post","link":"https:\/\/agora.xtec.cat\/ceipsab\/portada\/teatre-de-musica\/","title":{"rendered":"TEATRE DE M\u00daSICA"},"content":{"rendered":"<p>Hola fam\u00edlies!<\/p>\n<p>Avui divendres 22 de febrer , els nens i nenes d&#8217;Educaci\u00f3 Infantil, hem vist l&#8217;obra de teatre musical &#8221; La Jana i els sentiments&#8221;. A trav\u00e9s de les diferents can\u00e7ons hem apr\u00e8s coses sobre l&#8217;ALEGRIA, la TRISTESA, la R\u00c0BIA, la POR, la CALMA i l&#8217;AMOR!<\/p>\n<p>Ens ho hem passat molt b\u00e9!<\/p>\n<p><a href=\"https:\/\/photos.app.goo.gl\/hKi1CCBPY8NLsNrD6\"><img loading=\"lazy\" decoding=\"async\" class=\"\" src=\"https:\/\/lh3.googleusercontent.com\/ScFtKluM8sN2p5fcLsMYCNs4O1bZjGaTfAZTKdl0KGSMjQ9Sj5DXXs0TaEnm5gnQVHgoSFN1O5Cp40hqkcs2txGiXflWdhV-YFrJHRjnHkAAlfbIf4Bpi1_U0YXzl1bqbfh_8AWbBbkTW6OCAggm51cFd2szkmkXGXRhqczwbnjqlx_E8XHL9OhXyZMdRCBwgm3mvCGiDkmVGiHfhUjhptBFPcPXT1hxW7Xn79oMkn0f0oudzyr6DlymhzfRVszD-vADXuqRQqueA6lM9Udb84CY8ztB801nWA5xcr90ONuNvhF_pYiR6HMo2XZ7KApY9o6YdKDfh3oXQCqEaqQQdxDmNyF7A-1GQUM1Eox1xy1vu2Rce7DShxxauv39CQALoewGA0JncLcuFGUITy8AOTjXvIYQU8cmHY73ZLn-SI4zD-XTf_bDIVvVEXRxQ5DJPLc87DivIx-0zdwn7YNEu8UJbA5lt8E0iRFXWv6utrS0va_orhp0R6GL05P4vFSGc3RqmTJGD5tgmVKIAoEG48WTCBBUc480MqcbU9UCIFrg68t6FJEoeEsmoSiLVOB-SU8lsXbJ8ihguM4OUdrMN4c6DSawpAr6H0jfvj685hUJGCjGAIXxNH0XElXWQ6j5mQlvexCEGk2Flz2sFVBeRNCVV4gMSv4=w1024-h578-no\" width=\"298\" height=\"168\" \/><\/a><\/p>\n","protected":false},"excerpt":{"rendered":"<p>Hola fam\u00edlies!<br \/>\nAvui divendres 22 de febrer , els nens i nenes d&#8217;Educaci\u00f3 Infantil, hem vist l&#8217;obra de teatre musical &#8221; La Jana i els sentiments&#8221;. A trav\u00e9s de les diferents can\u00e7ons hem apr\u00e8s coses sobre l&#8217;ALEGRIA, la TRISTESA, la R\u00c0BIA, la POR, la CALMA i&hellip;  <a href=\"https:\/\/agora.xtec.cat\/ceipsab\/portada\/teatre-de-musica\/\" title=\"Read TEATRE DE M\u00daSICA\">Llegeix m\u00e9s\u00bb<\/a><\/p>\n","protected":false},"author":1,"featured_media":0,"comment_status":"open","ping_status":"closed","sticky":false,"template":"","format":"standard","meta":{"_bbp_topic_count":0,"_bbp_reply_count":0,"_bbp_total_topic_count":0,"_bbp_total_reply_count":0,"_bbp_voice_count":0,"_bbp_anonymous_reply_count":0,"_bbp_topic_count_hidden":0,"_bbp_reply_count_hidden":0,"_bbp_forum_subforum_count":0,"footnotes":""},"categories":[62,4],"tags":[],"class_list":["post-3709","post","type-post","status-publish","format-standard","hentry","category-educacio-infantil","category-portada"],"post_mailing_queue_ids":[],"_links":{"self":[{"href":"https:\/\/agora.xtec.cat\/ceipsab\/wp-json\/wp\/v2\/posts\/3709","targetHints":{"allow":["GET"]}}],"collection":[{"href":"https:\/\/agora.xtec.cat\/ceipsab\/wp-json\/wp\/v2\/posts"}],"about":[{"href":"https:\/\/agora.xtec.cat\/ceipsab\/wp-json\/wp\/v2\/types\/post"}],"author":[{"embeddable":true,"href":"https:\/\/agora.xtec.cat\/ceipsab\/wp-json\/wp\/v2\/users\/1"}],"replies":[{"embeddable":true,"href":"https:\/\/agora.xtec.cat\/ceipsab\/wp-json\/wp\/v2\/comments?post=3709"}],"version-history":[{"count":1,"href":"https:\/\/agora.xtec.cat\/ceipsab\/wp-json\/wp\/v2\/posts\/3709\/revisions"}],"predecessor-version":[{"id":3710,"href":"https:\/\/agora.xtec.cat\/ceipsab\/wp-json\/wp\/v2\/posts\/3709\/revisions\/3710"}],"wp:attachment":[{"href":"https:\/\/agora.xtec.cat\/ceipsab\/wp-json\/wp\/v2\/media?parent=3709"}],"wp:term":[{"taxonomy":"category","embeddable":true,"href":"https:\/\/agora.xtec.cat\/ceipsab\/wp-json\/wp\/v2\/categories?post=3709"},{"taxonomy":"post_tag","embeddable":true,"href":"https:\/\/agora.xtec.cat\/ceipsab\/wp-json\/wp\/v2\/tags?post=3709"}],"curies":[{"name":"wp","href":"https:\/\/api.w.org\/{rel}","templated":true}]}}