{"id":3707,"date":"2019-02-22T11:15:46","date_gmt":"2019-02-22T10:15:46","guid":{"rendered":"http:\/\/agora.xtec.cat\/ceipsab\/?p=3707"},"modified":"2019-02-22T11:15:46","modified_gmt":"2019-02-22T10:15:46","slug":"fem-tallers","status":"publish","type":"post","link":"https:\/\/agora.xtec.cat\/ceipsab\/portada\/fem-tallers\/","title":{"rendered":"FEM TALLERS!"},"content":{"rendered":"<p>Hola fam\u00edlies!<\/p>\n<p>Aquesta setmana els nens i nenes de P3, P4 i P5 hem fet tallers de Carnestoltes! Ens ho hem passat molt b\u00e9 i ens ha agradat molt poder compartir estones amb els companys d&#8217;altres classes. Gr\u00e0cies a les fam\u00edlies volunt\u00e0ries que han vingut a ajudar-nos aquests dies!<\/p>\n<p>Estem fets uns artistes! Ens voleu veure?<\/p>\n<p><a href=\"https:\/\/photos.app.goo.gl\/pr4qotzH9S9byPYm8\"><img loading=\"lazy\" decoding=\"async\" class=\"\" src=\"http:\/\/institutviladomat.cat\/portfoli\/15aldanaspataro\/wp-content\/uploads\/sites\/7\/2017\/11\/plastica.jpg\" alt=\"Resultat d'imatges de pl\u00c3\u00a0stica\" width=\"370\" height=\"277\" \/><\/a><\/p>\n","protected":false},"excerpt":{"rendered":"<p>Hola fam\u00edlies!<br \/>\nAquesta setmana els nens i nenes de P3, P4 i P5 hem fet tallers de Carnestoltes! Ens ho hem passat molt b\u00e9 i ens ha agradat molt poder compartir estones amb els companys d&#8217;altres classes. Gr\u00e0cies a les fam\u00edlies volunt\u00e0ries que han vingut a&hellip;  <a href=\"https:\/\/agora.xtec.cat\/ceipsab\/portada\/fem-tallers\/\" title=\"Read FEM TALLERS!\">Llegeix m\u00e9s\u00bb<\/a><\/p>\n","protected":false},"author":1,"featured_media":0,"comment_status":"open","ping_status":"closed","sticky":false,"template":"","format":"standard","meta":{"_bbp_topic_count":0,"_bbp_reply_count":0,"_bbp_total_topic_count":0,"_bbp_total_reply_count":0,"_bbp_voice_count":0,"_bbp_anonymous_reply_count":0,"_bbp_topic_count_hidden":0,"_bbp_reply_count_hidden":0,"_bbp_forum_subforum_count":0,"footnotes":""},"categories":[62,4],"tags":[],"class_list":["post-3707","post","type-post","status-publish","format-standard","hentry","category-educacio-infantil","category-portada"],"post_mailing_queue_ids":[],"_links":{"self":[{"href":"https:\/\/agora.xtec.cat\/ceipsab\/wp-json\/wp\/v2\/posts\/3707","targetHints":{"allow":["GET"]}}],"collection":[{"href":"https:\/\/agora.xtec.cat\/ceipsab\/wp-json\/wp\/v2\/posts"}],"about":[{"href":"https:\/\/agora.xtec.cat\/ceipsab\/wp-json\/wp\/v2\/types\/post"}],"author":[{"embeddable":true,"href":"https:\/\/agora.xtec.cat\/ceipsab\/wp-json\/wp\/v2\/users\/1"}],"replies":[{"embeddable":true,"href":"https:\/\/agora.xtec.cat\/ceipsab\/wp-json\/wp\/v2\/comments?post=3707"}],"version-history":[{"count":1,"href":"https:\/\/agora.xtec.cat\/ceipsab\/wp-json\/wp\/v2\/posts\/3707\/revisions"}],"predecessor-version":[{"id":3708,"href":"https:\/\/agora.xtec.cat\/ceipsab\/wp-json\/wp\/v2\/posts\/3707\/revisions\/3708"}],"wp:attachment":[{"href":"https:\/\/agora.xtec.cat\/ceipsab\/wp-json\/wp\/v2\/media?parent=3707"}],"wp:term":[{"taxonomy":"category","embeddable":true,"href":"https:\/\/agora.xtec.cat\/ceipsab\/wp-json\/wp\/v2\/categories?post=3707"},{"taxonomy":"post_tag","embeddable":true,"href":"https:\/\/agora.xtec.cat\/ceipsab\/wp-json\/wp\/v2\/tags?post=3707"}],"curies":[{"name":"wp","href":"https:\/\/api.w.org\/{rel}","templated":true}]}}