{"id":3640,"date":"2019-02-13T21:18:54","date_gmt":"2019-02-13T20:18:54","guid":{"rendered":"http:\/\/agora.xtec.cat\/ceipsab\/?p=3640"},"modified":"2019-02-13T21:19:22","modified_gmt":"2019-02-13T20:19:22","slug":"coneixem-a-lartista-pablo-picasso","status":"publish","type":"post","link":"https:\/\/agora.xtec.cat\/ceipsab\/educacio-infantil\/p4\/coneixem-a-lartista-pablo-picasso\/","title":{"rendered":"CONEIXEM A L&#8217;ARTISTA PABLO PICASSO"},"content":{"rendered":"<p>Hola fam\u00edlies!<\/p>\n<p>Durant aquest trimestre els infants de P4 coneixerem l&#8217;artista Pablo Picasso. Al llarg de les seg\u00fcents setmanes anireu veient les diferents activiats que anem fent i tamb\u00e9 coneixerem diferents caracter\u00edstiques de l&#8217;autor.<\/p>\n<p>Aquests dies hem comen\u00e7at a parlar de Picasso i la seva \u00c8poca blava.\u00a0 Pablo Picasso va passar una \u00e8poca molt dif\u00edcil a la seva vida que es va veure reflexada en les seves pintures. La tristesa que vivia en aquells moments va fer que en els seus quadres predominessin tonalitats blaves i grises.<\/p>\n<p>Durant aquests dies els vostres fills han vist alguns d&#8217;aquests quadres de l&#8217;\u00e8poca i han comen\u00e7at a fer la seva pr\u00f2pia representaci\u00f3 de la tristesa.<\/p>\n<p>P4A <em>( Cliqueu a la imatge per veure m\u00e9s fotografies)<\/em><\/p>\n<p><a href=\"https:\/\/photos.app.goo.gl\/nsKjKrRQTUwLSDAe8\"><img loading=\"lazy\" decoding=\"async\" class=\"\" src=\"https:\/\/lh3.googleusercontent.com\/cCj02_F4k_f5GYkV3Deo8ki1TgyHZoaeHxtC4ypTfYd9F71wnzfFB3ub9VudYdUE21S9t3K3dsClHnY0qiimMaPLG5hrp4iAjPLGxaf6rAHata1tsRxQ1fTS-qBa7BmWA0M6dAJrviK5m636dKDLCJZw-4xW6a5ivZtn56wEoCyHgXsMbNYCMJYOCscZ5DbJ4E2kQ8GWn51aA5OoKRhKIRR4ZzGiEFq4LheB1fUmW4TBXLgnZ9fSv_Sp_xN8k61B_HNvs7ul-cDKbKPNqpGP3CoZt_pGjq5NhN2g99hbWKrsp9FtzMefOVefSOCdeIapdyMPPW9E6KJbzxNVihaB5V7hRcjPC-Go9InRuRA-VA9olr8rm2ERvD31YuTPcMGI5XM1X_7ys5YTkUXPqtH004QZHvmhIqkeWu4PDM4D2UWT9wRy67mOrEXFZ8WTlg7dLGtAdBimJRn3Hsnqk2X_p_s-4n8H5_4BX-CJy_aDD8iUzBYd1J72TX3QtL40FW5H8CWgh-_qmimPz2lmJ_wxIUR-PwAp7S5spadZ3myc5gzJo9ytNRF6UiKaXpk09-GAi39cVuy5I4cR9vZ8EO3qVNuouJ_jdkDXJHdP0DiIYpfEcBqghqmoch1xbBCnvr4A7HtFVhnxrFY-xULrLGz1vIbxuANFBDQ=w770-h577-no\" width=\"360\" height=\"270\" \/><\/a><\/p>\n<p>P4B<em>( Cliqueu a la imatge per veure m\u00e9s fotografies)<\/em><\/p>\n<p><a href=\"https:\/\/photos.app.goo.gl\/PXyoWRBSpHqo12Jx7\"><img loading=\"lazy\" decoding=\"async\" class=\"\" src=\"https:\/\/lh3.googleusercontent.com\/Lsw4jppNiKFa2XDzJ8Bxift3vGqbDz2o8qGETl59m3NUBKVDx4tWuWaWV_oHsgHhgYgceWBh2aPfL9Pq-6cj6JvPPZd_e_CtHb4uZ-NDK6jxAYBhfkVd3mRKm_T5bCKl9OHb7nJ96syWzM11gRcTW53ylRNRkqkpvWlqvDfRHpxvibj0P_tmYsq88ynx5UF9GX09vtveznMfOnp0llD3pW8PRtH0sls6puq6DDGfbx6mGEVYSMTmn-7At9VkBtUCJ3B8TAUe0O3Obxy5-m3Am2BgZB1HhobJ3qOMp1NrRGcGZvfRV-QHQqudy8ncpHsUT1a5dzlpkF_B4rGb8Z2fppfCtBFLbIHUzQOLvpbxrxutbhxwAo2L5BibSBIT35u0J20KopGg0vl1bP8s-Ok0IRoKypHZJv9Onth1uy46h_aqJE22xzxG7mRdNQLwy5YzzZiKVTpgwH8BujFOihaXEPzy3XcQy06WLeKfrxCQA9Y0QzDTaBjupGA41jL9qPtsMk6Fgyo06jh0HagB2shsNh8ofEHvTo-je4kQY4sWnBeIU5vPEBXtYO1Uo4X59pGKt50S-7W8JhM_CogdcKMmX1Ss8okE87NzljgpMfGvfdn7QADHlN012-dVIreQAxyysDJAZBHIrte8ca-L2rF5jXMq5txgBaQDzXc2BZzus_xz78LTWqAXpVl-s8QBpZ8U3mE6n44VED0Qpd5kZYOyf_Jw=w1024-h577-no\" width=\"365\" height=\"206\" \/><\/a><\/p>\n","protected":false},"excerpt":{"rendered":"<p>Hola fam\u00edlies!<br \/>\nDurant aquest trimestre els infants de P4 coneixerem l&#8217;artista Pablo Picasso. Al llarg de les seg\u00fcents setmanes anireu veient les diferents activiats que anem fent i tamb\u00e9 coneixerem diferents caracter\u00edstiques de l&#8217;autor.<br \/>\nAquests dies hem comen\u00e7at a parlar de Picasso i la seva \u00c8poca blava.\u00a0&hellip;  <a href=\"https:\/\/agora.xtec.cat\/ceipsab\/educacio-infantil\/p4\/coneixem-a-lartista-pablo-picasso\/\" title=\"Read CONEIXEM A L&#8217;ARTISTA PABLO PICASSO\">Llegeix m\u00e9s\u00bb<\/a><\/p>\n","protected":false},"author":1,"featured_media":0,"comment_status":"open","ping_status":"closed","sticky":false,"template":"","format":"standard","meta":{"_bbp_topic_count":0,"_bbp_reply_count":0,"_bbp_total_topic_count":0,"_bbp_total_reply_count":0,"_bbp_voice_count":0,"_bbp_anonymous_reply_count":0,"_bbp_topic_count_hidden":0,"_bbp_reply_count_hidden":0,"_bbp_forum_subforum_count":0,"footnotes":""},"categories":[62,8],"tags":[],"class_list":["post-3640","post","type-post","status-publish","format-standard","hentry","category-educacio-infantil","category-p4"],"post_mailing_queue_ids":[],"_links":{"self":[{"href":"https:\/\/agora.xtec.cat\/ceipsab\/wp-json\/wp\/v2\/posts\/3640","targetHints":{"allow":["GET"]}}],"collection":[{"href":"https:\/\/agora.xtec.cat\/ceipsab\/wp-json\/wp\/v2\/posts"}],"about":[{"href":"https:\/\/agora.xtec.cat\/ceipsab\/wp-json\/wp\/v2\/types\/post"}],"author":[{"embeddable":true,"href":"https:\/\/agora.xtec.cat\/ceipsab\/wp-json\/wp\/v2\/users\/1"}],"replies":[{"embeddable":true,"href":"https:\/\/agora.xtec.cat\/ceipsab\/wp-json\/wp\/v2\/comments?post=3640"}],"version-history":[{"count":2,"href":"https:\/\/agora.xtec.cat\/ceipsab\/wp-json\/wp\/v2\/posts\/3640\/revisions"}],"predecessor-version":[{"id":3656,"href":"https:\/\/agora.xtec.cat\/ceipsab\/wp-json\/wp\/v2\/posts\/3640\/revisions\/3656"}],"wp:attachment":[{"href":"https:\/\/agora.xtec.cat\/ceipsab\/wp-json\/wp\/v2\/media?parent=3640"}],"wp:term":[{"taxonomy":"category","embeddable":true,"href":"https:\/\/agora.xtec.cat\/ceipsab\/wp-json\/wp\/v2\/categories?post=3640"},{"taxonomy":"post_tag","embeddable":true,"href":"https:\/\/agora.xtec.cat\/ceipsab\/wp-json\/wp\/v2\/tags?post=3640"}],"curies":[{"name":"wp","href":"https:\/\/api.w.org\/{rel}","templated":true}]}}