{"id":3638,"date":"2019-02-01T20:18:16","date_gmt":"2019-02-01T19:18:16","guid":{"rendered":"http:\/\/agora.xtec.cat\/ceipsab\/?p=3638"},"modified":"2019-02-01T20:18:49","modified_gmt":"2019-02-01T19:18:49","slug":"contacontes-gener-p4b","status":"publish","type":"post","link":"https:\/\/agora.xtec.cat\/ceipsab\/educacio-infantil\/p4\/contacontes-gener-p4b\/","title":{"rendered":"CONTACONTES GENER P4B"},"content":{"rendered":"<p>Hola fam\u00edlies!<\/p>\n<p>Els nens i nenes de P4B continuem amb l&#8217;activitat del Contacontes! Durant aquest mes de Gener hem tingut 3 contacontes:<\/p>\n<ul>\n<li>El Marc ens va explicar el conte de &#8220;Hansel i Gretel&#8221;.<\/li>\n<li>El Julen va escollir el conte del &#8220;Drac M\u00e0gic&#8221;.<\/li>\n<li>La Paula va triar el conte &#8220;Qu\u00e8 fem avui?&#8221; de la col\u00b7lecci\u00f3 d&#8217;en Pep i la Mila.<\/li>\n<\/ul>\n<p>Felicitats a tots tres! Ho van fer d&#8217;all\u00f2 m\u00e9s b\u00e9!<\/p>\n<p><a href=\"https:\/\/photos.app.goo.gl\/hB6TSHxsuPKdSBf16\"><img loading=\"lazy\" decoding=\"async\" class=\"alignnone wp-image-3078\" src=\"https:\/\/agora.xtec.cat\/ceipsab\/wp-content\/uploads\/usu1011\/2018\/10\/Petit-Contacontes.png\" alt=\"\" width=\"179\" height=\"181\" srcset=\"https:\/\/agora.xtec.cat\/ceipsab\/wp-content\/uploads\/usu1011\/2018\/10\/Petit-Contacontes.png 485w, https:\/\/agora.xtec.cat\/ceipsab\/wp-content\/uploads\/usu1011\/2018\/10\/Petit-Contacontes-297x300.png 297w\" sizes=\"auto, (max-width: 179px) 100vw, 179px\" \/><\/a><\/p>\n","protected":false},"excerpt":{"rendered":"<p>Hola fam\u00edlies!<br \/>\nEls nens i nenes de P4B continuem amb l&#8217;activitat del Contacontes! Durant aquest mes de Gener hem tingut 3 contacontes:<\/p>\n<ul>\n<li>El Marc ens va explicar el conte de &#8220;Hansel i Gretel&#8221;.<\/li>\n<li>El Julen va escollir el conte del &#8220;Drac M\u00e0gic&#8221;.<\/li>\n<li>La Paula va triar el conte &#8220;Qu\u00e8&hellip;  <a href=\"https:\/\/agora.xtec.cat\/ceipsab\/educacio-infantil\/p4\/contacontes-gener-p4b\/\" title=\"Read CONTACONTES GENER P4B\">Llegeix m\u00e9s\u00bb<\/a><br \/>\n","protected":false},"author":1,"featured_media":0,"comment_status":"open","ping_status":"closed","sticky":false,"template":"","format":"standard","meta":{"_bbp_topic_count":0,"_bbp_reply_count":0,"_bbp_total_topic_count":0,"_bbp_total_reply_count":0,"_bbp_voice_count":0,"_bbp_anonymous_reply_count":0,"_bbp_topic_count_hidden":0,"_bbp_reply_count_hidden":0,"_bbp_forum_subforum_count":0,"footnotes":""},"categories":[62,8],"tags":[],"class_list":["post-3638","post","type-post","status-publish","format-standard","hentry","category-educacio-infantil","category-p4"],"post_mailing_queue_ids":[],"_links":{"self":[{"href":"https:\/\/agora.xtec.cat\/ceipsab\/wp-json\/wp\/v2\/posts\/3638","targetHints":{"allow":["GET"]}}],"collection":[{"href":"https:\/\/agora.xtec.cat\/ceipsab\/wp-json\/wp\/v2\/posts"}],"about":[{"href":"https:\/\/agora.xtec.cat\/ceipsab\/wp-json\/wp\/v2\/types\/post"}],"author":[{"embeddable":true,"href":"https:\/\/agora.xtec.cat\/ceipsab\/wp-json\/wp\/v2\/users\/1"}],"replies":[{"embeddable":true,"href":"https:\/\/agora.xtec.cat\/ceipsab\/wp-json\/wp\/v2\/comments?post=3638"}],"version-history":[{"count":1,"href":"https:\/\/agora.xtec.cat\/ceipsab\/wp-json\/wp\/v2\/posts\/3638\/revisions"}],"predecessor-version":[{"id":3639,"href":"https:\/\/agora.xtec.cat\/ceipsab\/wp-json\/wp\/v2\/posts\/3638\/revisions\/3639"}],"wp:attachment":[{"href":"https:\/\/agora.xtec.cat\/ceipsab\/wp-json\/wp\/v2\/media?parent=3638"}],"wp:term":[{"taxonomy":"category","embeddable":true,"href":"https:\/\/agora.xtec.cat\/ceipsab\/wp-json\/wp\/v2\/categories?post=3638"},{"taxonomy":"post_tag","embeddable":true,"href":"https:\/\/agora.xtec.cat\/ceipsab\/wp-json\/wp\/v2\/tags?post=3638"}],"curies":[{"name":"wp","href":"https:\/\/api.w.org\/{rel}","templated":true}]}}