{"id":3472,"date":"2018-12-21T18:49:43","date_gmt":"2018-12-21T17:49:43","guid":{"rendered":"http:\/\/agora.xtec.cat\/ceipsab\/?p=3472"},"modified":"2018-12-22T08:20:37","modified_gmt":"2018-12-22T07:20:37","slug":"cantada-de-nadales-a-la-residencia-davis","status":"publish","type":"post","link":"https:\/\/agora.xtec.cat\/ceipsab\/educacio-infantil\/p5\/cantada-de-nadales-a-la-residencia-davis\/","title":{"rendered":"CANTADA DE NADALES A LA RESID\u00c8NCIA D&#8217;AVIS"},"content":{"rendered":"<p>Aprofitant que s&#8217;apropen les Festes de Nadal, els infants de P5 (tamb\u00e9 els de 2n, 4t i 6\u00e8) visitem i cantem unes nadales als avis i \u00e0vies de la resid\u00e8ncia &#8220;Sol ponent&#8221;. Ens ha agradat molt!!!<\/p>\n<p style=\"text-align: center;\"><a href=\"https:\/\/photos.app.goo.gl\/EhNVHxhbi8M9fu437\"><img loading=\"lazy\" decoding=\"async\" class=\"alignnone size-full wp-image-3473\" src=\"https:\/\/agora.xtec.cat\/ceipsab\/wp-content\/uploads\/usu1011\/2018\/12\/avis.jpg\" alt=\"\" width=\"299\" height=\"326\" srcset=\"https:\/\/agora.xtec.cat\/ceipsab\/wp-content\/uploads\/usu1011\/2018\/12\/avis.jpg 299w, https:\/\/agora.xtec.cat\/ceipsab\/wp-content\/uploads\/usu1011\/2018\/12\/avis-275x300.jpg 275w\" sizes=\"auto, (max-width: 299px) 100vw, 299px\" \/><\/a><\/p>\n","protected":false},"excerpt":{"rendered":"<p>Aprofitant que s&#8217;apropen les Festes de Nadal, els infants de P5 (tamb\u00e9 els de 2n, 4t i 6\u00e8) visitem i cantem unes nadales als avis i \u00e0vies de la resid\u00e8ncia &#8220;Sol ponent&#8221;. Ens ha agradat molt!!!<br \/>\n<a href=\"https:\/\/photos.app.goo.gl\/EhNVHxhbi8M9fu437\"><\/a><\/p>\n","protected":false},"author":25,"featured_media":3473,"comment_status":"open","ping_status":"closed","sticky":false,"template":"","format":"standard","meta":{"_bbp_topic_count":0,"_bbp_reply_count":0,"_bbp_total_topic_count":0,"_bbp_total_reply_count":0,"_bbp_voice_count":0,"_bbp_anonymous_reply_count":0,"_bbp_topic_count_hidden":0,"_bbp_reply_count_hidden":0,"_bbp_forum_subforum_count":0,"footnotes":""},"categories":[62,9],"tags":[],"class_list":["post-3472","post","type-post","status-publish","format-standard","has-post-thumbnail","hentry","category-educacio-infantil","category-p5"],"post_mailing_queue_ids":[],"_links":{"self":[{"href":"https:\/\/agora.xtec.cat\/ceipsab\/wp-json\/wp\/v2\/posts\/3472","targetHints":{"allow":["GET"]}}],"collection":[{"href":"https:\/\/agora.xtec.cat\/ceipsab\/wp-json\/wp\/v2\/posts"}],"about":[{"href":"https:\/\/agora.xtec.cat\/ceipsab\/wp-json\/wp\/v2\/types\/post"}],"author":[{"embeddable":true,"href":"https:\/\/agora.xtec.cat\/ceipsab\/wp-json\/wp\/v2\/users\/25"}],"replies":[{"embeddable":true,"href":"https:\/\/agora.xtec.cat\/ceipsab\/wp-json\/wp\/v2\/comments?post=3472"}],"version-history":[{"count":3,"href":"https:\/\/agora.xtec.cat\/ceipsab\/wp-json\/wp\/v2\/posts\/3472\/revisions"}],"predecessor-version":[{"id":3488,"href":"https:\/\/agora.xtec.cat\/ceipsab\/wp-json\/wp\/v2\/posts\/3472\/revisions\/3488"}],"wp:featuredmedia":[{"embeddable":true,"href":"https:\/\/agora.xtec.cat\/ceipsab\/wp-json\/wp\/v2\/media\/3473"}],"wp:attachment":[{"href":"https:\/\/agora.xtec.cat\/ceipsab\/wp-json\/wp\/v2\/media?parent=3472"}],"wp:term":[{"taxonomy":"category","embeddable":true,"href":"https:\/\/agora.xtec.cat\/ceipsab\/wp-json\/wp\/v2\/categories?post=3472"},{"taxonomy":"post_tag","embeddable":true,"href":"https:\/\/agora.xtec.cat\/ceipsab\/wp-json\/wp\/v2\/tags?post=3472"}],"curies":[{"name":"wp","href":"https:\/\/api.w.org\/{rel}","templated":true}]}}