{"id":3452,"date":"2018-12-21T18:06:54","date_gmt":"2018-12-21T17:06:54","guid":{"rendered":"http:\/\/agora.xtec.cat\/ceipsab\/?p=3452"},"modified":"2018-12-22T00:17:11","modified_gmt":"2018-12-21T23:17:11","slug":"decoracio-passadis","status":"publish","type":"post","link":"https:\/\/agora.xtec.cat\/ceipsab\/portada\/decoracio-passadis\/","title":{"rendered":"DECORACI\u00d3 PASSAD\u00cdS"},"content":{"rendered":"<p>Moltes gr\u00e0cies a les mares volunt\u00e0ries d&#8217;infantil per deixar el passad\u00eds d&#8217;entrada de la nostra escola tan bonic: vestit d&#8217;hivern i nadalenc.\u00a0<a href=\"https:\/\/photos.app.goo.gl\/zLF6joZt3eoCtzya7\"><img loading=\"lazy\" decoding=\"async\" class=\"size-full wp-image-3453 aligncenter\" src=\"https:\/\/agora.xtec.cat\/ceipsab\/wp-content\/uploads\/usu1011\/2018\/12\/Fam\u00edlies-coluntaries.jpg\" alt=\"\" width=\"346\" height=\"461\" srcset=\"https:\/\/agora.xtec.cat\/ceipsab\/wp-content\/uploads\/usu1011\/2018\/12\/Fam\u00edlies-coluntaries.jpg 346w, https:\/\/agora.xtec.cat\/ceipsab\/wp-content\/uploads\/usu1011\/2018\/12\/Fam\u00edlies-coluntaries-225x300.jpg 225w\" sizes=\"auto, (max-width: 346px) 100vw, 346px\" \/><\/a><\/p>\n","protected":false},"excerpt":{"rendered":"<p>Moltes gr\u00e0cies a les mares volunt\u00e0ries d&#8217;infantil per deixar el passad\u00eds d&#8217;entrada de la nostra escola tan bonic: vestit d&#8217;hivern i nadalenc.\u00a0<a href=\"https:\/\/photos.app.goo.gl\/zLF6joZt3eoCtzya7\"><\/a><\/p>\n","protected":false},"author":25,"featured_media":0,"comment_status":"open","ping_status":"closed","sticky":false,"template":"","format":"standard","meta":{"_bbp_topic_count":0,"_bbp_reply_count":0,"_bbp_total_topic_count":0,"_bbp_total_reply_count":0,"_bbp_voice_count":0,"_bbp_anonymous_reply_count":0,"_bbp_topic_count_hidden":0,"_bbp_reply_count_hidden":0,"_bbp_forum_subforum_count":0,"footnotes":""},"categories":[62,9,4],"tags":[155,126,157,156],"class_list":["post-3452","post","type-post","status-publish","format-standard","hentry","category-educacio-infantil","category-p5","category-portada","tag-decoracio","tag-escola","tag-families","tag-infantil"],"post_mailing_queue_ids":[],"_links":{"self":[{"href":"https:\/\/agora.xtec.cat\/ceipsab\/wp-json\/wp\/v2\/posts\/3452","targetHints":{"allow":["GET"]}}],"collection":[{"href":"https:\/\/agora.xtec.cat\/ceipsab\/wp-json\/wp\/v2\/posts"}],"about":[{"href":"https:\/\/agora.xtec.cat\/ceipsab\/wp-json\/wp\/v2\/types\/post"}],"author":[{"embeddable":true,"href":"https:\/\/agora.xtec.cat\/ceipsab\/wp-json\/wp\/v2\/users\/25"}],"replies":[{"embeddable":true,"href":"https:\/\/agora.xtec.cat\/ceipsab\/wp-json\/wp\/v2\/comments?post=3452"}],"version-history":[{"count":2,"href":"https:\/\/agora.xtec.cat\/ceipsab\/wp-json\/wp\/v2\/posts\/3452\/revisions"}],"predecessor-version":[{"id":3480,"href":"https:\/\/agora.xtec.cat\/ceipsab\/wp-json\/wp\/v2\/posts\/3452\/revisions\/3480"}],"wp:attachment":[{"href":"https:\/\/agora.xtec.cat\/ceipsab\/wp-json\/wp\/v2\/media?parent=3452"}],"wp:term":[{"taxonomy":"category","embeddable":true,"href":"https:\/\/agora.xtec.cat\/ceipsab\/wp-json\/wp\/v2\/categories?post=3452"},{"taxonomy":"post_tag","embeddable":true,"href":"https:\/\/agora.xtec.cat\/ceipsab\/wp-json\/wp\/v2\/tags?post=3452"}],"curies":[{"name":"wp","href":"https:\/\/api.w.org\/{rel}","templated":true}]}}