{"id":3434,"date":"2018-12-19T13:57:53","date_gmt":"2018-12-19T12:57:53","guid":{"rendered":"http:\/\/agora.xtec.cat\/ceipsab\/?p=3434"},"modified":"2018-12-19T15:36:20","modified_gmt":"2018-12-19T14:36:20","slug":"els-arbres-de-la-tardor","status":"publish","type":"post","link":"https:\/\/agora.xtec.cat\/ceipsab\/educacio-infantil\/p5\/els-arbres-de-la-tardor\/","title":{"rendered":"ELS ARBRES DE LA TARDOR"},"content":{"rendered":"<p>Una de les activitats de pl\u00e0stica ha estat crear el nostre arbre de la tardor: vam resseguir la silueta del nostre bra\u00e7 i de la nostra m\u00e0, vam pintar amb ceres, pintures i fins i tot vam enganxar trossos de fulles seques. Us agraden?<\/p>\n<p style=\"text-align: center;\"><a href=\"https:\/\/photos.app.goo.gl\/zUvxQyZff8qcWkfe9\"><img loading=\"lazy\" decoding=\"async\" class=\"alignnone size-full wp-image-3435\" src=\"https:\/\/agora.xtec.cat\/ceipsab\/wp-content\/uploads\/usu1011\/2018\/12\/plastica-tardor.jpg\" alt=\"\" width=\"195\" height=\"260\" \/><\/a><\/p>\n","protected":false},"excerpt":{"rendered":"<p>Una de les activitats de pl\u00e0stica ha estat crear el nostre arbre de la tardor: vam resseguir la silueta del nostre bra\u00e7 i de la nostra m\u00e0, vam pintar amb ceres, pintures i fins i tot vam enganxar trossos de fulles seques. Us agraden?<br \/>\n<a href=\"https:\/\/photos.app.goo.gl\/zUvxQyZff8qcWkfe9\"><\/a><\/p>\n","protected":false},"author":25,"featured_media":3435,"comment_status":"open","ping_status":"closed","sticky":false,"template":"","format":"standard","meta":{"_bbp_topic_count":0,"_bbp_reply_count":0,"_bbp_total_topic_count":0,"_bbp_total_reply_count":0,"_bbp_voice_count":0,"_bbp_anonymous_reply_count":0,"_bbp_topic_count_hidden":0,"_bbp_reply_count_hidden":0,"_bbp_forum_subforum_count":0,"footnotes":""},"categories":[9],"tags":[],"class_list":["post-3434","post","type-post","status-publish","format-standard","has-post-thumbnail","hentry","category-p5"],"post_mailing_queue_ids":[],"_links":{"self":[{"href":"https:\/\/agora.xtec.cat\/ceipsab\/wp-json\/wp\/v2\/posts\/3434","targetHints":{"allow":["GET"]}}],"collection":[{"href":"https:\/\/agora.xtec.cat\/ceipsab\/wp-json\/wp\/v2\/posts"}],"about":[{"href":"https:\/\/agora.xtec.cat\/ceipsab\/wp-json\/wp\/v2\/types\/post"}],"author":[{"embeddable":true,"href":"https:\/\/agora.xtec.cat\/ceipsab\/wp-json\/wp\/v2\/users\/25"}],"replies":[{"embeddable":true,"href":"https:\/\/agora.xtec.cat\/ceipsab\/wp-json\/wp\/v2\/comments?post=3434"}],"version-history":[{"count":2,"href":"https:\/\/agora.xtec.cat\/ceipsab\/wp-json\/wp\/v2\/posts\/3434\/revisions"}],"predecessor-version":[{"id":3440,"href":"https:\/\/agora.xtec.cat\/ceipsab\/wp-json\/wp\/v2\/posts\/3434\/revisions\/3440"}],"wp:featuredmedia":[{"embeddable":true,"href":"https:\/\/agora.xtec.cat\/ceipsab\/wp-json\/wp\/v2\/media\/3435"}],"wp:attachment":[{"href":"https:\/\/agora.xtec.cat\/ceipsab\/wp-json\/wp\/v2\/media?parent=3434"}],"wp:term":[{"taxonomy":"category","embeddable":true,"href":"https:\/\/agora.xtec.cat\/ceipsab\/wp-json\/wp\/v2\/categories?post=3434"},{"taxonomy":"post_tag","embeddable":true,"href":"https:\/\/agora.xtec.cat\/ceipsab\/wp-json\/wp\/v2\/tags?post=3434"}],"curies":[{"name":"wp","href":"https:\/\/api.w.org\/{rel}","templated":true}]}}