{"id":3390,"date":"2018-12-14T14:55:02","date_gmt":"2018-12-14T13:55:02","guid":{"rendered":"http:\/\/agora.xtec.cat\/ceipsab\/?p=3390"},"modified":"2019-03-29T13:13:23","modified_gmt":"2019-03-29T12:13:23","slug":"projecte-dels-dinosaures-1r","status":"publish","type":"post","link":"https:\/\/agora.xtec.cat\/ceipsab\/portada\/projecte-dels-dinosaures-1r\/","title":{"rendered":"Projecte dels dinosaures 1r"},"content":{"rendered":"<p>Hola fam\u00edlies!!!<\/p>\n<p>Com b\u00e9 sabeu, durant el primer trimestre els alumnes de 1r han estat realitzant el projecte dels dinosaures.<\/p>\n<p>Amb molta motivaci\u00f3, ara s\u00f3n una mica m\u00e9s experts i expertes en la vida dels dinos: com neixien, on vivien, quant mesuraven, com es van extingir, etc.<\/p>\n<p>B\u00e9, segurament ja us han explicat mil i una curiositats!<\/p>\n<p>Tot esfor\u00e7 t\u00e9 la seva recompensa i aqu\u00ed us ho mostrem: tot un recull d&#8217;imatges del que hem estat fent durant els \u00faltims mesos! Esperem que ho gaudiu a casa tant com ho hem fet nosaltres a classe \ud83d\ude42<\/p>\n<p>Feu click a la seg\u00fcent fotografia:<\/p>\n<p><a href=\"https:\/\/photos.app.goo.gl\/w4vGLAwfnb2dKyKM6\"><img loading=\"lazy\" decoding=\"async\" class=\"alignnone size-full wp-image-3991\" src=\"https:\/\/agora.xtec.cat\/ceipsab\/wp-content\/uploads\/usu1011\/2018\/12\/IMG_20181002_155317.jpg\" alt=\"\" width=\"833\" height=\"625\" srcset=\"https:\/\/agora.xtec.cat\/ceipsab\/wp-content\/uploads\/usu1011\/2018\/12\/IMG_20181002_155317.jpg 833w, https:\/\/agora.xtec.cat\/ceipsab\/wp-content\/uploads\/usu1011\/2018\/12\/IMG_20181002_155317-300x225.jpg 300w, https:\/\/agora.xtec.cat\/ceipsab\/wp-content\/uploads\/usu1011\/2018\/12\/IMG_20181002_155317-768x576.jpg 768w, https:\/\/agora.xtec.cat\/ceipsab\/wp-content\/uploads\/usu1011\/2018\/12\/IMG_20181002_155317-200x150.jpg 200w\" sizes=\"auto, (max-width: 833px) 100vw, 833px\" \/><\/a><\/p>\n<p>Us desitgem bones vacances!!<\/p>\n<p>Les mestres de primer.<\/p>\n","protected":false},"excerpt":{"rendered":"<p>Hola fam\u00edlies!!!<br \/>\nCom b\u00e9 sabeu, durant el primer trimestre els alumnes de 1r han estat realitzant el projecte dels dinosaures.<br \/>\nAmb molta motivaci\u00f3, ara s\u00f3n una mica m\u00e9s experts i expertes en la vida dels dinos: com neixien, on vivien, quant mesuraven, com es van extingir, etc.<br \/>\nB\u00e9,&hellip;  <a href=\"https:\/\/agora.xtec.cat\/ceipsab\/portada\/projecte-dels-dinosaures-1r\/\" title=\"Read Projecte dels dinosaures 1r\">Llegeix m\u00e9s\u00bb<\/a><\/p>\n","protected":false},"author":3,"featured_media":3492,"comment_status":"open","ping_status":"closed","sticky":false,"template":"","format":"standard","meta":{"_bbp_topic_count":0,"_bbp_reply_count":0,"_bbp_total_topic_count":0,"_bbp_total_reply_count":0,"_bbp_voice_count":0,"_bbp_anonymous_reply_count":0,"_bbp_topic_count_hidden":0,"_bbp_reply_count_hidden":0,"_bbp_forum_subforum_count":0,"footnotes":""},"categories":[10,63,5,4],"tags":[],"class_list":["post-3390","post","type-post","status-publish","format-standard","has-post-thumbnail","hentry","category-1r","category-cicle-inicial","category-primaria","category-portada"],"post_mailing_queue_ids":[],"_links":{"self":[{"href":"https:\/\/agora.xtec.cat\/ceipsab\/wp-json\/wp\/v2\/posts\/3390","targetHints":{"allow":["GET"]}}],"collection":[{"href":"https:\/\/agora.xtec.cat\/ceipsab\/wp-json\/wp\/v2\/posts"}],"about":[{"href":"https:\/\/agora.xtec.cat\/ceipsab\/wp-json\/wp\/v2\/types\/post"}],"author":[{"embeddable":true,"href":"https:\/\/agora.xtec.cat\/ceipsab\/wp-json\/wp\/v2\/users\/3"}],"replies":[{"embeddable":true,"href":"https:\/\/agora.xtec.cat\/ceipsab\/wp-json\/wp\/v2\/comments?post=3390"}],"version-history":[{"count":3,"href":"https:\/\/agora.xtec.cat\/ceipsab\/wp-json\/wp\/v2\/posts\/3390\/revisions"}],"predecessor-version":[{"id":3992,"href":"https:\/\/agora.xtec.cat\/ceipsab\/wp-json\/wp\/v2\/posts\/3390\/revisions\/3992"}],"wp:featuredmedia":[{"embeddable":true,"href":"https:\/\/agora.xtec.cat\/ceipsab\/wp-json\/wp\/v2\/media\/3492"}],"wp:attachment":[{"href":"https:\/\/agora.xtec.cat\/ceipsab\/wp-json\/wp\/v2\/media?parent=3390"}],"wp:term":[{"taxonomy":"category","embeddable":true,"href":"https:\/\/agora.xtec.cat\/ceipsab\/wp-json\/wp\/v2\/categories?post=3390"},{"taxonomy":"post_tag","embeddable":true,"href":"https:\/\/agora.xtec.cat\/ceipsab\/wp-json\/wp\/v2\/tags?post=3390"}],"curies":[{"name":"wp","href":"https:\/\/api.w.org\/{rel}","templated":true}]}}