{"id":3352,"date":"2018-12-06T12:22:45","date_gmt":"2018-12-06T11:22:45","guid":{"rendered":"http:\/\/agora.xtec.cat\/ceipsab\/?p=3352"},"modified":"2018-12-06T12:26:34","modified_gmt":"2018-12-06T11:26:34","slug":"provem-la-construccio-del-nostre-mitja-de-transport","status":"publish","type":"post","link":"https:\/\/agora.xtec.cat\/ceipsab\/portada\/provem-la-construccio-del-nostre-mitja-de-transport\/","title":{"rendered":"ELS NENS I NENS DE 2n CONSTRU\u00cfM UN MITJ\u00c0 DE TRANSPORT ."},"content":{"rendered":"<p>Avui tocava provar el nostre mitj\u00e0 de transport que hem elaborat a classe. Per grups hem dissenyat i constru\u00eft un mitj\u00e0 de transport que havia de surar a l&#8217;aigua.<\/p>\n<p>Hem gaudit molt treballant en grup i manipulant diferents tipus d&#8217;objectes que hav\u00edem portat de casa.<\/p>\n<p>Al final han sortit veritables obres d&#8217;enginyeria. Ara nom\u00e9s tocava veure si compl\u00edem l&#8217;objectiu i no s&#8217;enfonsaven sota les aig\u00fces.<\/p>\n<p>Finalment tots hem complert el veritable objectiu; manipular, dissenyar, construir , treballar en grup i parlar sobre el perqu\u00e8 havien surat o no les nostres &#8220;m\u00e0quines&#8221;<\/p>\n<p>Aqu\u00ed podeu veure les fotos del moment.<\/p>\n<p><a href=\"https:\/\/photos.app.goo.gl\/BvJyU5EKC2ZgxBJU7\"><img loading=\"lazy\" decoding=\"async\" class=\"wp-image-3355 aligncenter\" src=\"https:\/\/agora.xtec.cat\/ceipsab\/wp-content\/uploads\/usu1011\/2018\/12\/Sense-t\u00edtol.jpg\" alt=\"\" width=\"269\" height=\"186\" srcset=\"https:\/\/agora.xtec.cat\/ceipsab\/wp-content\/uploads\/usu1011\/2018\/12\/Sense-t\u00edtol.jpg 378w, https:\/\/agora.xtec.cat\/ceipsab\/wp-content\/uploads\/usu1011\/2018\/12\/Sense-t\u00edtol-300x207.jpg 300w\" sizes=\"auto, (max-width: 269px) 100vw, 269px\" \/><\/a><\/p>\n","protected":false},"excerpt":{"rendered":"<p>Avui tocava provar el nostre mitj\u00e0 de transport que hem elaborat a classe. Per grups hem dissenyat i constru\u00eft un mitj\u00e0 de transport que havia de surar a l&#8217;aigua.<br \/>\nHem gaudit molt treballant en grup i manipulant diferents tipus d&#8217;objectes que hav\u00edem portat de casa.<br \/>\nAl final&hellip;  <a href=\"https:\/\/agora.xtec.cat\/ceipsab\/portada\/provem-la-construccio-del-nostre-mitja-de-transport\/\" title=\"Read ELS NENS I NENS DE 2n CONSTRU\u00cfM UN MITJ\u00c0 DE TRANSPORT .\">Llegeix m\u00e9s\u00bb<\/a><\/p>\n","protected":false},"author":1,"featured_media":0,"comment_status":"open","ping_status":"closed","sticky":false,"template":"","format":"standard","meta":{"_bbp_topic_count":0,"_bbp_reply_count":0,"_bbp_total_topic_count":0,"_bbp_total_reply_count":0,"_bbp_voice_count":0,"_bbp_anonymous_reply_count":0,"_bbp_topic_count_hidden":0,"_bbp_reply_count_hidden":0,"_bbp_forum_subforum_count":0,"footnotes":""},"categories":[11,63,5,4],"tags":[],"class_list":["post-3352","post","type-post","status-publish","format-standard","hentry","category-2n","category-cicle-inicial","category-primaria","category-portada"],"post_mailing_queue_ids":[],"_links":{"self":[{"href":"https:\/\/agora.xtec.cat\/ceipsab\/wp-json\/wp\/v2\/posts\/3352","targetHints":{"allow":["GET"]}}],"collection":[{"href":"https:\/\/agora.xtec.cat\/ceipsab\/wp-json\/wp\/v2\/posts"}],"about":[{"href":"https:\/\/agora.xtec.cat\/ceipsab\/wp-json\/wp\/v2\/types\/post"}],"author":[{"embeddable":true,"href":"https:\/\/agora.xtec.cat\/ceipsab\/wp-json\/wp\/v2\/users\/1"}],"replies":[{"embeddable":true,"href":"https:\/\/agora.xtec.cat\/ceipsab\/wp-json\/wp\/v2\/comments?post=3352"}],"version-history":[{"count":3,"href":"https:\/\/agora.xtec.cat\/ceipsab\/wp-json\/wp\/v2\/posts\/3352\/revisions"}],"predecessor-version":[{"id":3359,"href":"https:\/\/agora.xtec.cat\/ceipsab\/wp-json\/wp\/v2\/posts\/3352\/revisions\/3359"}],"wp:attachment":[{"href":"https:\/\/agora.xtec.cat\/ceipsab\/wp-json\/wp\/v2\/media?parent=3352"}],"wp:term":[{"taxonomy":"category","embeddable":true,"href":"https:\/\/agora.xtec.cat\/ceipsab\/wp-json\/wp\/v2\/categories?post=3352"},{"taxonomy":"post_tag","embeddable":true,"href":"https:\/\/agora.xtec.cat\/ceipsab\/wp-json\/wp\/v2\/tags?post=3352"}],"curies":[{"name":"wp","href":"https:\/\/api.w.org\/{rel}","templated":true}]}}