{"id":3336,"date":"2018-12-04T13:38:18","date_gmt":"2018-12-04T12:38:18","guid":{"rendered":"http:\/\/agora.xtec.cat\/ceipsab\/?p=3336"},"modified":"2018-12-13T13:34:43","modified_gmt":"2018-12-13T12:34:43","slug":"petit-contacontes-novembre-p4b","status":"publish","type":"post","link":"https:\/\/agora.xtec.cat\/ceipsab\/educacio-infantil\/p4\/petit-contacontes-novembre-p4b\/","title":{"rendered":"PETIT CONTACONTES NOVEMBRE P4B"},"content":{"rendered":"<p>Hola fam\u00edlies!<\/p>\n<p>Aquest mes de novembre hem continuat amb l&#8217;activitat del Contacontes! Ens agrada d&#8217;all\u00f2 m\u00e9s!<\/p>\n<p>La NEREA ens va explicar un conte dels Ossos ja que s\u00f3n el seu animal preferit.<\/p>\n<p>L&#8217;ELSA va escollir el conte de la &#8220;Fada Feli\u00e7&#8221;.<\/p>\n<p>El JOEL ens va explicar el conte &#8220;El correo del Drag\u00f3n&#8221;.<\/p>\n<p>Moltes felicitats a tots tres! Ho vau fer d&#8217;all\u00f2 m\u00e9s b\u00e9!!!<\/p>\n<p><a href=\"https:\/\/photos.app.goo.gl\/mPuj1UwaXGdeCRHP9\"><img loading=\"lazy\" decoding=\"async\" class=\"alignnone wp-image-3078\" src=\"https:\/\/agora.xtec.cat\/ceipsab\/wp-content\/uploads\/usu1011\/2018\/10\/Petit-Contacontes.png\" alt=\"\" width=\"227\" height=\"229\" srcset=\"https:\/\/agora.xtec.cat\/ceipsab\/wp-content\/uploads\/usu1011\/2018\/10\/Petit-Contacontes.png 485w, https:\/\/agora.xtec.cat\/ceipsab\/wp-content\/uploads\/usu1011\/2018\/10\/Petit-Contacontes-150x150.png 150w, https:\/\/agora.xtec.cat\/ceipsab\/wp-content\/uploads\/usu1011\/2018\/10\/Petit-Contacontes-297x300.png 297w\" sizes=\"auto, (max-width: 227px) 100vw, 227px\" \/><\/a><\/p>\n<p><em>(Cliqueu a la imatge per veure les fotografies)<\/em><\/p>\n","protected":false},"excerpt":{"rendered":"<p>Hola fam\u00edlies!<br \/>\nAquest mes de novembre hem continuat amb l&#8217;activitat del Contacontes! Ens agrada d&#8217;all\u00f2 m\u00e9s!<br \/>\nLa NEREA ens va explicar un conte dels Ossos ja que s\u00f3n el seu animal preferit.<br \/>\nL&#8217;ELSA va escollir el conte de la &#8220;Fada Feli\u00e7&#8221;.<br \/>\nEl JOEL ens va explicar el conte &#8220;El&hellip;  <a href=\"https:\/\/agora.xtec.cat\/ceipsab\/educacio-infantil\/p4\/petit-contacontes-novembre-p4b\/\" title=\"Read PETIT CONTACONTES NOVEMBRE P4B\">Llegeix m\u00e9s\u00bb<\/a><\/p>\n","protected":false},"author":1,"featured_media":0,"comment_status":"open","ping_status":"closed","sticky":false,"template":"","format":"standard","meta":{"_bbp_topic_count":0,"_bbp_reply_count":0,"_bbp_total_topic_count":0,"_bbp_total_reply_count":0,"_bbp_voice_count":0,"_bbp_anonymous_reply_count":0,"_bbp_topic_count_hidden":0,"_bbp_reply_count_hidden":0,"_bbp_forum_subforum_count":0,"footnotes":""},"categories":[62,8],"tags":[],"class_list":["post-3336","post","type-post","status-publish","format-standard","hentry","category-educacio-infantil","category-p4"],"post_mailing_queue_ids":[],"_links":{"self":[{"href":"https:\/\/agora.xtec.cat\/ceipsab\/wp-json\/wp\/v2\/posts\/3336","targetHints":{"allow":["GET"]}}],"collection":[{"href":"https:\/\/agora.xtec.cat\/ceipsab\/wp-json\/wp\/v2\/posts"}],"about":[{"href":"https:\/\/agora.xtec.cat\/ceipsab\/wp-json\/wp\/v2\/types\/post"}],"author":[{"embeddable":true,"href":"https:\/\/agora.xtec.cat\/ceipsab\/wp-json\/wp\/v2\/users\/1"}],"replies":[{"embeddable":true,"href":"https:\/\/agora.xtec.cat\/ceipsab\/wp-json\/wp\/v2\/comments?post=3336"}],"version-history":[{"count":2,"href":"https:\/\/agora.xtec.cat\/ceipsab\/wp-json\/wp\/v2\/posts\/3336\/revisions"}],"predecessor-version":[{"id":3340,"href":"https:\/\/agora.xtec.cat\/ceipsab\/wp-json\/wp\/v2\/posts\/3336\/revisions\/3340"}],"wp:attachment":[{"href":"https:\/\/agora.xtec.cat\/ceipsab\/wp-json\/wp\/v2\/media?parent=3336"}],"wp:term":[{"taxonomy":"category","embeddable":true,"href":"https:\/\/agora.xtec.cat\/ceipsab\/wp-json\/wp\/v2\/categories?post=3336"},{"taxonomy":"post_tag","embeddable":true,"href":"https:\/\/agora.xtec.cat\/ceipsab\/wp-json\/wp\/v2\/tags?post=3336"}],"curies":[{"name":"wp","href":"https:\/\/api.w.org\/{rel}","templated":true}]}}