{"id":3326,"date":"2018-11-29T11:11:01","date_gmt":"2018-11-29T10:11:01","guid":{"rendered":"http:\/\/agora.xtec.cat\/ceipsab\/?p=3326"},"modified":"2018-11-29T11:12:17","modified_gmt":"2018-11-29T10:12:17","slug":"exposicio-el-nom-de-les-nostres-classes","status":"publish","type":"post","link":"https:\/\/agora.xtec.cat\/ceipsab\/educacio-infantil\/p3\/exposicio-el-nom-de-les-nostres-classes\/","title":{"rendered":"EXPOSICI\u00d3: EL NOM DE LES NOSTRES CLASSES"},"content":{"rendered":"<p>Com ja sabeu, els infants d&#8217;infantil hem triat el nom de les nostres classes. Tamb\u00e9 ser\u00e0 el tema del nostre primer projecte del curs i estem fent i aprenent molt\u00edssimes coses.<\/p>\n<p>Durant el mes de novembre hem preparat a les diferentes aules una petita exposici\u00f3 per explicar als nostres companys\/es de la resta de classes d&#8217;infantil quin nom t\u00e9 la nostra classe i quines activitats hem fet.<\/p>\n<p>Va sortir genial!!!<\/p>\n<p><a href=\"https:\/\/photos.app.goo.gl\/nZ7K4VSF9oheNBfz5\"><img loading=\"lazy\" decoding=\"async\" class=\"size-full wp-image-3327 aligncenter\" src=\"https:\/\/agora.xtec.cat\/ceipsab\/wp-content\/uploads\/usu1011\/2018\/11\/Nom-classe.jpg\" alt=\"\" width=\"185\" height=\"165\" \/><\/a><\/p>\n","protected":false},"excerpt":{"rendered":"<p>Com ja sabeu, els infants d&#8217;infantil hem triat el nom de les nostres classes. Tamb\u00e9 ser\u00e0 el tema del nostre primer projecte del curs i estem fent i aprenent molt\u00edssimes coses.<br \/>\nDurant el mes de novembre hem preparat a les diferentes aules una petita exposici\u00f3 per&hellip;  <a href=\"https:\/\/agora.xtec.cat\/ceipsab\/educacio-infantil\/p3\/exposicio-el-nom-de-les-nostres-classes\/\" title=\"Read EXPOSICI\u00d3: EL NOM DE LES NOSTRES CLASSES\">Llegeix m\u00e9s\u00bb<\/a><\/p>\n","protected":false},"author":25,"featured_media":0,"comment_status":"open","ping_status":"closed","sticky":false,"template":"","format":"standard","meta":{"_bbp_topic_count":0,"_bbp_reply_count":0,"_bbp_total_topic_count":0,"_bbp_total_reply_count":0,"_bbp_voice_count":0,"_bbp_anonymous_reply_count":0,"_bbp_topic_count_hidden":0,"_bbp_reply_count_hidden":0,"_bbp_forum_subforum_count":0,"footnotes":""},"categories":[62,3,8,9,4],"tags":[],"class_list":["post-3326","post","type-post","status-publish","format-standard","hentry","category-educacio-infantil","category-p3","category-p4","category-p5","category-portada"],"post_mailing_queue_ids":[],"_links":{"self":[{"href":"https:\/\/agora.xtec.cat\/ceipsab\/wp-json\/wp\/v2\/posts\/3326","targetHints":{"allow":["GET"]}}],"collection":[{"href":"https:\/\/agora.xtec.cat\/ceipsab\/wp-json\/wp\/v2\/posts"}],"about":[{"href":"https:\/\/agora.xtec.cat\/ceipsab\/wp-json\/wp\/v2\/types\/post"}],"author":[{"embeddable":true,"href":"https:\/\/agora.xtec.cat\/ceipsab\/wp-json\/wp\/v2\/users\/25"}],"replies":[{"embeddable":true,"href":"https:\/\/agora.xtec.cat\/ceipsab\/wp-json\/wp\/v2\/comments?post=3326"}],"version-history":[{"count":2,"href":"https:\/\/agora.xtec.cat\/ceipsab\/wp-json\/wp\/v2\/posts\/3326\/revisions"}],"predecessor-version":[{"id":3329,"href":"https:\/\/agora.xtec.cat\/ceipsab\/wp-json\/wp\/v2\/posts\/3326\/revisions\/3329"}],"wp:attachment":[{"href":"https:\/\/agora.xtec.cat\/ceipsab\/wp-json\/wp\/v2\/media?parent=3326"}],"wp:term":[{"taxonomy":"category","embeddable":true,"href":"https:\/\/agora.xtec.cat\/ceipsab\/wp-json\/wp\/v2\/categories?post=3326"},{"taxonomy":"post_tag","embeddable":true,"href":"https:\/\/agora.xtec.cat\/ceipsab\/wp-json\/wp\/v2\/tags?post=3326"}],"curies":[{"name":"wp","href":"https:\/\/api.w.org\/{rel}","templated":true}]}}