{"id":3307,"date":"2018-11-26T11:17:07","date_gmt":"2018-11-26T10:17:07","guid":{"rendered":"http:\/\/agora.xtec.cat\/ceipsab\/?p=3307"},"modified":"2018-12-04T13:40:56","modified_gmt":"2018-12-04T12:40:56","slug":"experimentacio-amb-imants","status":"publish","type":"post","link":"https:\/\/agora.xtec.cat\/ceipsab\/educacio-infantil\/p4\/experimentacio-amb-imants\/","title":{"rendered":"Experimentaci\u00f3 amb imants"},"content":{"rendered":"<p>Aquest trimestre a P4 estem experimentant amb els imants i el seu magnetisme.<\/p>\n<p>En aquesta sessi\u00f3 els nens i nenes hem pogut comprovar sobre quines superf\u00edcies es poden enganxar els imants, i es pot dir que ho hem provat a gaireb\u00e9 tot arreu: Parets, vidre, pl\u00e0stic, paper, pissarra, alumini, fusta, l\u00e0mines, suro, ferro&#8230; tot el que ten\u00edem al nostre abast!!<\/p>\n<p>D&#8217;aquesta manera, les Aranyes i els Dofins hem descobert que els imants nom\u00e9s tenen magnetisme amb coses fetes amb ferro, llauna i acer. Ha estat molt divertit!!<\/p>\n<p>P4A (Cliqueu a la imatge per veure m\u00e9s fotografies)<\/p>\n<p><a href=\"https:\/\/photos.app.goo.gl\/nJXLiEck74qbfqTb6\" target=\"_blank\" rel=\"noopener\"><img loading=\"lazy\" decoding=\"async\" class=\"alignnone wp-image-3308 \" src=\"https:\/\/agora.xtec.cat\/ceipsab\/wp-content\/uploads\/usu1011\/2018\/11\/iman.jpg\" alt=\"\" width=\"279\" height=\"201\" srcset=\"https:\/\/agora.xtec.cat\/ceipsab\/wp-content\/uploads\/usu1011\/2018\/11\/iman.jpg 350w, https:\/\/agora.xtec.cat\/ceipsab\/wp-content\/uploads\/usu1011\/2018\/11\/iman-300x216.jpg 300w\" sizes=\"auto, (max-width: 279px) 100vw, 279px\" \/><\/a><\/p>\n<p>P4B (Cliqueu a la imatge per veure m\u00e9s fotografies)<\/p>\n<p>&nbsp;<\/p>\n<p>&nbsp;<\/p>\n<p><a href=\"https:\/\/photos.app.goo.gl\/RVCdwKcNahxRo1YM7\" target=\"_blank\" rel=\"noopener\"><img loading=\"lazy\" decoding=\"async\" class=\"alignnone wp-image-3309\" src=\"https:\/\/agora.xtec.cat\/ceipsab\/wp-content\/uploads\/usu1011\/2018\/11\/\u00edndice-150x150.jpg\" alt=\"\" width=\"207\" height=\"207\" \/><\/a><\/p>\n","protected":false},"excerpt":{"rendered":"<p>Aquest trimestre a P4 estem experimentant amb els imants i el seu magnetisme.<br \/>\nEn aquesta sessi\u00f3 els nens i nenes hem pogut comprovar sobre quines superf\u00edcies es poden enganxar els imants, i es pot dir que ho hem provat a gaireb\u00e9 tot arreu: Parets, vidre, pl\u00e0stic,&hellip;  <a href=\"https:\/\/agora.xtec.cat\/ceipsab\/educacio-infantil\/p4\/experimentacio-amb-imants\/\" title=\"Read Experimentaci\u00f3 amb imants\">Llegeix m\u00e9s\u00bb<\/a><\/p>\n","protected":false},"author":3,"featured_media":0,"comment_status":"open","ping_status":"closed","sticky":false,"template":"","format":"standard","meta":{"_bbp_topic_count":0,"_bbp_reply_count":0,"_bbp_total_topic_count":0,"_bbp_total_reply_count":0,"_bbp_voice_count":0,"_bbp_anonymous_reply_count":0,"_bbp_topic_count_hidden":0,"_bbp_reply_count_hidden":0,"_bbp_forum_subforum_count":0,"footnotes":""},"categories":[62,8],"tags":[116],"class_list":["post-3307","post","type-post","status-publish","format-standard","hentry","category-educacio-infantil","category-p4","tag-experimentacio"],"post_mailing_queue_ids":[],"_links":{"self":[{"href":"https:\/\/agora.xtec.cat\/ceipsab\/wp-json\/wp\/v2\/posts\/3307","targetHints":{"allow":["GET"]}}],"collection":[{"href":"https:\/\/agora.xtec.cat\/ceipsab\/wp-json\/wp\/v2\/posts"}],"about":[{"href":"https:\/\/agora.xtec.cat\/ceipsab\/wp-json\/wp\/v2\/types\/post"}],"author":[{"embeddable":true,"href":"https:\/\/agora.xtec.cat\/ceipsab\/wp-json\/wp\/v2\/users\/3"}],"replies":[{"embeddable":true,"href":"https:\/\/agora.xtec.cat\/ceipsab\/wp-json\/wp\/v2\/comments?post=3307"}],"version-history":[{"count":3,"href":"https:\/\/agora.xtec.cat\/ceipsab\/wp-json\/wp\/v2\/posts\/3307\/revisions"}],"predecessor-version":[{"id":3333,"href":"https:\/\/agora.xtec.cat\/ceipsab\/wp-json\/wp\/v2\/posts\/3307\/revisions\/3333"}],"wp:attachment":[{"href":"https:\/\/agora.xtec.cat\/ceipsab\/wp-json\/wp\/v2\/media?parent=3307"}],"wp:term":[{"taxonomy":"category","embeddable":true,"href":"https:\/\/agora.xtec.cat\/ceipsab\/wp-json\/wp\/v2\/categories?post=3307"},{"taxonomy":"post_tag","embeddable":true,"href":"https:\/\/agora.xtec.cat\/ceipsab\/wp-json\/wp\/v2\/tags?post=3307"}],"curies":[{"name":"wp","href":"https:\/\/api.w.org\/{rel}","templated":true}]}}