{"id":3176,"date":"2018-11-13T13:24:02","date_gmt":"2018-11-13T12:24:02","guid":{"rendered":"http:\/\/agora.xtec.cat\/ceipsab\/?p=3176"},"modified":"2018-11-19T15:26:40","modified_gmt":"2018-11-19T14:26:40","slug":"les-maletes-viatgeres","status":"publish","type":"post","link":"https:\/\/agora.xtec.cat\/ceipsab\/educacio-infantil\/p3\/les-maletes-viatgeres\/","title":{"rendered":"LES MALETES VIATGERES"},"content":{"rendered":"<p>Ja estan aqu\u00ed! Ja han arribat! En Musbi ens ha preparat un petit gran tresor per poder gaudir en fam\u00edlia!!!\u00a0<span style=\"font-family: inherit; font-size: 1em;\">Una maleta lectora per a cada classe de P3 que viatjar\u00e0 al llarg del curs visitant les diferents cases dels infants.<\/span><\/p>\n<p><img loading=\"lazy\" decoding=\"async\" class=\"wp-image-3177 aligncenter\" src=\"https:\/\/agora.xtec.cat\/ceipsab\/wp-content\/uploads\/usu1011\/2018\/11\/IMG_20181112_112245.jpg\" alt=\"\" width=\"269\" height=\"358\" srcset=\"https:\/\/agora.xtec.cat\/ceipsab\/wp-content\/uploads\/usu1011\/2018\/11\/IMG_20181112_112245.jpg 585w, https:\/\/agora.xtec.cat\/ceipsab\/wp-content\/uploads\/usu1011\/2018\/11\/IMG_20181112_112245-225x300.jpg 225w\" sizes=\"auto, (max-width: 269px) 100vw, 269px\" \/><\/p>\n<p>Dins d\u2019aquestes maletes podeu trobar: contes pop-up, \u00e0lbums, contes joc, revistes, dossiers,&#8230;<\/p>\n<p><span style=\"font-family: inherit; font-size: 1em;\">Hi ha lectures adre\u00e7ades als adults, altres pels m\u00e9s petits i tamb\u00e9 per compartir, ja que l\u2019objectiu \u00e9s fomentar el gust per llegir en fam\u00edlia.<\/span><\/p>\n<p><em>La maleta viatgera pret\u00e9n ser un recurs educatiu que busca fomentar la lectura en fam\u00edlia i prepara el contingut d\u2019aquesta amb material especialment seleccionat per estimular l\u2019h\u00e0bit i el gust per la lectura des de les primeres edats en l\u2019\u00e0mbit familiar.<\/em><\/p>\n<p style=\"text-align: center;\"><strong>BONA LECTURA EN FAM\u00cdLIA!!!<\/strong><\/p>\n","protected":false},"excerpt":{"rendered":"<p>Ja estan aqu\u00ed! Ja han arribat! En Musbi ens ha preparat un petit gran tresor per poder gaudir en fam\u00edlia!!!\u00a0Una maleta lectora per a cada classe de P3 que viatjar\u00e0 al llarg del curs visitant les diferents cases dels infants.<\/p>\n<p>Dins d\u2019aquestes maletes podeu trobar: contes&hellip;  <a href=\"https:\/\/agora.xtec.cat\/ceipsab\/educacio-infantil\/p3\/les-maletes-viatgeres\/\" title=\"Read LES MALETES VIATGERES\">Llegeix m\u00e9s\u00bb<\/a><\/p>\n","protected":false},"author":25,"featured_media":0,"comment_status":"open","ping_status":"closed","sticky":false,"template":"","format":"standard","meta":{"_bbp_topic_count":0,"_bbp_reply_count":0,"_bbp_total_topic_count":0,"_bbp_total_reply_count":0,"_bbp_voice_count":0,"_bbp_anonymous_reply_count":0,"_bbp_topic_count_hidden":0,"_bbp_reply_count_hidden":0,"_bbp_forum_subforum_count":0,"footnotes":""},"categories":[62,3,4],"tags":[],"class_list":["post-3176","post","type-post","status-publish","format-standard","hentry","category-educacio-infantil","category-p3","category-portada"],"post_mailing_queue_ids":[],"_links":{"self":[{"href":"https:\/\/agora.xtec.cat\/ceipsab\/wp-json\/wp\/v2\/posts\/3176","targetHints":{"allow":["GET"]}}],"collection":[{"href":"https:\/\/agora.xtec.cat\/ceipsab\/wp-json\/wp\/v2\/posts"}],"about":[{"href":"https:\/\/agora.xtec.cat\/ceipsab\/wp-json\/wp\/v2\/types\/post"}],"author":[{"embeddable":true,"href":"https:\/\/agora.xtec.cat\/ceipsab\/wp-json\/wp\/v2\/users\/25"}],"replies":[{"embeddable":true,"href":"https:\/\/agora.xtec.cat\/ceipsab\/wp-json\/wp\/v2\/comments?post=3176"}],"version-history":[{"count":2,"href":"https:\/\/agora.xtec.cat\/ceipsab\/wp-json\/wp\/v2\/posts\/3176\/revisions"}],"predecessor-version":[{"id":3200,"href":"https:\/\/agora.xtec.cat\/ceipsab\/wp-json\/wp\/v2\/posts\/3176\/revisions\/3200"}],"wp:attachment":[{"href":"https:\/\/agora.xtec.cat\/ceipsab\/wp-json\/wp\/v2\/media?parent=3176"}],"wp:term":[{"taxonomy":"category","embeddable":true,"href":"https:\/\/agora.xtec.cat\/ceipsab\/wp-json\/wp\/v2\/categories?post=3176"},{"taxonomy":"post_tag","embeddable":true,"href":"https:\/\/agora.xtec.cat\/ceipsab\/wp-json\/wp\/v2\/tags?post=3176"}],"curies":[{"name":"wp","href":"https:\/\/api.w.org\/{rel}","templated":true}]}}