{"id":3095,"date":"2018-11-01T23:13:25","date_gmt":"2018-11-01T22:13:25","guid":{"rendered":"http:\/\/agora.xtec.cat\/ceipsab\/?p=3095"},"modified":"2018-11-12T10:22:34","modified_gmt":"2018-11-12T09:22:34","slug":"la-castanyera-visita-el-cicle-inicial","status":"publish","type":"post","link":"https:\/\/agora.xtec.cat\/ceipsab\/portada\/la-castanyera-visita-el-cicle-inicial\/","title":{"rendered":"La Castanyera visita el Cicle Inicial"},"content":{"rendered":"<p>&nbsp;<\/p>\n<p><a href=\"https:\/\/agora.xtec.cat\/ceipsab\/wp-content\/uploads\/usu1011\/2018\/11\/bc.jpg\"><img loading=\"lazy\" decoding=\"async\" class=\"alignnone size-full wp-image-3104\" src=\"https:\/\/agora.xtec.cat\/ceipsab\/wp-content\/uploads\/usu1011\/2018\/11\/bc.jpg\" alt=\"\" width=\"972\" height=\"242\" srcset=\"https:\/\/agora.xtec.cat\/ceipsab\/wp-content\/uploads\/usu1011\/2018\/11\/bc.jpg 972w, https:\/\/agora.xtec.cat\/ceipsab\/wp-content\/uploads\/usu1011\/2018\/11\/bc-300x75.jpg 300w, https:\/\/agora.xtec.cat\/ceipsab\/wp-content\/uploads\/usu1011\/2018\/11\/bc-768x191.jpg 768w\" sizes=\"auto, (max-width: 972px) 100vw, 972px\" \/><\/a><\/p>\n<p>&nbsp;<\/p>\n<p>&nbsp;<\/p>\n<p>El passat dimecres la Sra. Castanyera va venir a l&#8217;escola a fer-nos una visita. Ens va fer molta il\u00b7lusi\u00f3, perqu\u00e8 com que estava plovent molt, no sabr\u00edem si podria arribar a l&#8217;escola des de la muntanya. Per\u00f2 finalment s\u00ed que va venir i ens vam posar molt contents i contentes.<\/p>\n<p>Ens va portar castanyes ben torradetes per tothom i va contestar les nostres preguntes. A m\u00e9s a m\u00e9s li vam cantar una can\u00e7\u00f3 abans d&#8217;acomiadar-nos.<\/p>\n<p>Fins el proper any. T&#8217;estimem molt<\/p>\n<p>&nbsp;<\/p>\n<p><a href=\"https:\/\/photos.app.goo.gl\/xS1ToqEqcSW3q3168\"><img loading=\"lazy\" decoding=\"async\" class=\"size-full wp-image-3096 aligncenter\" src=\"https:\/\/agora.xtec.cat\/ceipsab\/wp-content\/uploads\/usu1011\/2018\/11\/castanyera.jpg\" alt=\"\" width=\"194\" height=\"260\" \/><\/a><\/p>\n<p>cliqueu a sobre la Castanyera i podreu veure algunes fotos.<\/p>\n<p>&nbsp;<\/p>\n","protected":false},"excerpt":{"rendered":"<p>&nbsp;<br \/>\n<a href=\"https:\/\/agora.xtec.cat\/ceipsab\/wp-content\/uploads\/usu1011\/2018\/11\/bc.jpg\"><\/a><br \/>\n&nbsp;<br \/>\n&nbsp;<br \/>\nEl passat dimecres la Sra. Castanyera va venir a l&#8217;escola a fer-nos una visita. Ens va fer molta il\u00b7lusi\u00f3, perqu\u00e8 com que estava plovent molt, no sabr\u00edem si podria arribar a l&#8217;escola des de la muntanya. Per\u00f2 finalment s\u00ed que va venir i ens&hellip;  <a href=\"https:\/\/agora.xtec.cat\/ceipsab\/portada\/la-castanyera-visita-el-cicle-inicial\/\" title=\"Read La Castanyera visita el Cicle Inicial\">Llegeix m\u00e9s\u00bb<\/a><\/p>\n","protected":false},"author":1,"featured_media":0,"comment_status":"open","ping_status":"closed","sticky":false,"template":"","format":"standard","meta":{"_bbp_topic_count":0,"_bbp_reply_count":0,"_bbp_total_topic_count":0,"_bbp_total_reply_count":0,"_bbp_voice_count":0,"_bbp_anonymous_reply_count":0,"_bbp_topic_count_hidden":0,"_bbp_reply_count_hidden":0,"_bbp_forum_subforum_count":0,"footnotes":""},"categories":[10,11,63,5,4],"tags":[110,144],"class_list":["post-3095","post","type-post","status-publish","format-standard","hentry","category-1r","category-2n","category-cicle-inicial","category-primaria","category-portada","tag-festes-escola","tag-la-castanyada"],"post_mailing_queue_ids":[],"_links":{"self":[{"href":"https:\/\/agora.xtec.cat\/ceipsab\/wp-json\/wp\/v2\/posts\/3095","targetHints":{"allow":["GET"]}}],"collection":[{"href":"https:\/\/agora.xtec.cat\/ceipsab\/wp-json\/wp\/v2\/posts"}],"about":[{"href":"https:\/\/agora.xtec.cat\/ceipsab\/wp-json\/wp\/v2\/types\/post"}],"author":[{"embeddable":true,"href":"https:\/\/agora.xtec.cat\/ceipsab\/wp-json\/wp\/v2\/users\/1"}],"replies":[{"embeddable":true,"href":"https:\/\/agora.xtec.cat\/ceipsab\/wp-json\/wp\/v2\/comments?post=3095"}],"version-history":[{"count":3,"href":"https:\/\/agora.xtec.cat\/ceipsab\/wp-json\/wp\/v2\/posts\/3095\/revisions"}],"predecessor-version":[{"id":3108,"href":"https:\/\/agora.xtec.cat\/ceipsab\/wp-json\/wp\/v2\/posts\/3095\/revisions\/3108"}],"wp:attachment":[{"href":"https:\/\/agora.xtec.cat\/ceipsab\/wp-json\/wp\/v2\/media?parent=3095"}],"wp:term":[{"taxonomy":"category","embeddable":true,"href":"https:\/\/agora.xtec.cat\/ceipsab\/wp-json\/wp\/v2\/categories?post=3095"},{"taxonomy":"post_tag","embeddable":true,"href":"https:\/\/agora.xtec.cat\/ceipsab\/wp-json\/wp\/v2\/tags?post=3095"}],"curies":[{"name":"wp","href":"https:\/\/api.w.org\/{rel}","templated":true}]}}