{"id":3069,"date":"2018-10-29T11:32:59","date_gmt":"2018-10-29T10:32:59","guid":{"rendered":"http:\/\/agora.xtec.cat\/ceipsab\/?p=3069"},"modified":"2018-10-29T11:32:59","modified_gmt":"2018-10-29T10:32:59","slug":"celebrem-la-castanyada","status":"publish","type":"post","link":"https:\/\/agora.xtec.cat\/ceipsab\/portada\/celebrem-la-castanyada\/","title":{"rendered":"CELEBREM LA CASTANYADA"},"content":{"rendered":"<p>Aquest dimecres 31 d&#8217;octubre celebrarem la Castanyada.<\/p>\n<p>L&#8217;<strong>AMPA<\/strong> ha anat a buscar la castanyera a la muntanya i l&#8217;ajudar\u00e0 a preparar castanyes per tot l&#8217;alumnat del centre, i a m\u00e9s, organitzar\u00e0 el t\u00fanel del terror per aquell alumnat que vulgui participar. Us adjuntem un petit v\u00eddeo del muntatge que gaudim cada any.<\/p>\n<p>https:\/\/youtu.be\/tQDEsU_vTWo<\/p>\n","protected":false},"excerpt":{"rendered":"<p>Aquest dimecres 31 d&#8217;octubre celebrarem la Castanyada.<br \/>\nL&#8217;AMPA ha anat a buscar la castanyera a la muntanya i l&#8217;ajudar\u00e0 a preparar castanyes per tot l&#8217;alumnat del centre, i a m\u00e9s, organitzar\u00e0 el t\u00fanel del terror per aquell alumnat que vulgui participar. Us adjuntem un petit v\u00eddeo&hellip;  <a href=\"https:\/\/agora.xtec.cat\/ceipsab\/portada\/celebrem-la-castanyada\/\" title=\"Read CELEBREM LA CASTANYADA\">Llegeix m\u00e9s\u00bb<\/a><\/p>\n","protected":false},"author":3,"featured_media":3070,"comment_status":"open","ping_status":"closed","sticky":false,"template":"","format":"standard","meta":{"_bbp_topic_count":0,"_bbp_reply_count":0,"_bbp_total_topic_count":0,"_bbp_total_reply_count":0,"_bbp_voice_count":0,"_bbp_anonymous_reply_count":0,"_bbp_topic_count_hidden":0,"_bbp_reply_count_hidden":0,"_bbp_forum_subforum_count":0,"footnotes":""},"categories":[7,4],"tags":[],"class_list":["post-3069","post","type-post","status-publish","format-standard","has-post-thumbnail","hentry","category-ampa","category-portada"],"post_mailing_queue_ids":[],"_links":{"self":[{"href":"https:\/\/agora.xtec.cat\/ceipsab\/wp-json\/wp\/v2\/posts\/3069","targetHints":{"allow":["GET"]}}],"collection":[{"href":"https:\/\/agora.xtec.cat\/ceipsab\/wp-json\/wp\/v2\/posts"}],"about":[{"href":"https:\/\/agora.xtec.cat\/ceipsab\/wp-json\/wp\/v2\/types\/post"}],"author":[{"embeddable":true,"href":"https:\/\/agora.xtec.cat\/ceipsab\/wp-json\/wp\/v2\/users\/3"}],"replies":[{"embeddable":true,"href":"https:\/\/agora.xtec.cat\/ceipsab\/wp-json\/wp\/v2\/comments?post=3069"}],"version-history":[{"count":1,"href":"https:\/\/agora.xtec.cat\/ceipsab\/wp-json\/wp\/v2\/posts\/3069\/revisions"}],"predecessor-version":[{"id":3071,"href":"https:\/\/agora.xtec.cat\/ceipsab\/wp-json\/wp\/v2\/posts\/3069\/revisions\/3071"}],"wp:featuredmedia":[{"embeddable":true,"href":"https:\/\/agora.xtec.cat\/ceipsab\/wp-json\/wp\/v2\/media\/3070"}],"wp:attachment":[{"href":"https:\/\/agora.xtec.cat\/ceipsab\/wp-json\/wp\/v2\/media?parent=3069"}],"wp:term":[{"taxonomy":"category","embeddable":true,"href":"https:\/\/agora.xtec.cat\/ceipsab\/wp-json\/wp\/v2\/categories?post=3069"},{"taxonomy":"post_tag","embeddable":true,"href":"https:\/\/agora.xtec.cat\/ceipsab\/wp-json\/wp\/v2\/tags?post=3069"}],"curies":[{"name":"wp","href":"https:\/\/api.w.org\/{rel}","templated":true}]}}