{"id":3054,"date":"2018-10-23T20:13:20","date_gmt":"2018-10-23T18:13:20","guid":{"rendered":"http:\/\/agora.xtec.cat\/ceipsab\/?p=3054"},"modified":"2018-10-26T07:03:27","modified_gmt":"2018-10-26T05:03:27","slug":"tastet-raim","status":"publish","type":"post","link":"https:\/\/agora.xtec.cat\/ceipsab\/educacio-infantil\/p4\/tastet-raim\/","title":{"rendered":"TASTET RA\u00cfM"},"content":{"rendered":"<p>Abans de comen\u00e7ar el projecte de &#8220;La verema&#8221;, els nens i nenes de P4, Els dofins i Les aranyes, vam fer un petit tastet per descubrir com \u00e9s el ra\u00efm de primera m\u00e0: Quin gust t\u00e9, si \u00e9s aspre o dol\u00e7 i quin \u00e9s el seu color, forma, si pesa o no pesa, etc.<\/p>\n<p>Es pot dir que a molts ens va agradar i fins i tot en vol\u00edem menjar m\u00e9s!! Mmmmhhh\u2026 Qu\u00e8 bo!<\/p>\n<p>Fotos tastet P4A<\/p>\n<p><a href=\"https:\/\/photos.app.goo.gl\/ovZYyCjJK1umMf1k7\"><img loading=\"lazy\" decoding=\"async\" class=\"alignnone wp-image-3061\" src=\"https:\/\/agora.xtec.cat\/ceipsab\/wp-content\/uploads\/usu1011\/2018\/10\/20171229_1240_ciutat_2017_raim.jpg\" alt=\"\" width=\"177\" height=\"118\" srcset=\"https:\/\/agora.xtec.cat\/ceipsab\/wp-content\/uploads\/usu1011\/2018\/10\/20171229_1240_ciutat_2017_raim.jpg 615w, https:\/\/agora.xtec.cat\/ceipsab\/wp-content\/uploads\/usu1011\/2018\/10\/20171229_1240_ciutat_2017_raim-300x200.jpg 300w\" sizes=\"auto, (max-width: 177px) 100vw, 177px\" \/><\/a><\/p>\n<p>&nbsp;<\/p>\n<p>Fotos tastet P4B<\/p>\n<p><a href=\"https:\/\/photos.app.goo.gl\/kK3M8y2Fj8Ybx3st9\"><img loading=\"lazy\" decoding=\"async\" class=\"alignnone wp-image-3062\" src=\"https:\/\/agora.xtec.cat\/ceipsab\/wp-content\/uploads\/usu1011\/2018\/10\/1490881008-uva.jpg\" alt=\"\" width=\"191\" height=\"127\" srcset=\"https:\/\/agora.xtec.cat\/ceipsab\/wp-content\/uploads\/usu1011\/2018\/10\/1490881008-uva.jpg 450w, https:\/\/agora.xtec.cat\/ceipsab\/wp-content\/uploads\/usu1011\/2018\/10\/1490881008-uva-300x199.jpg 300w\" sizes=\"auto, (max-width: 191px) 100vw, 191px\" \/><\/a><a href=\"https:\/\/agora.xtec.cat\/ceipsab\/wp-content\/uploads\/usu1011\/2018\/10\/th.jpg\"><img loading=\"lazy\" decoding=\"async\" class=\"alignnone size-large wp-image-3057\" src=\"https:\/\/agora.xtec.cat\/ceipsab\/wp-content\/uploads\/usu1011\/2018\/10\/th-1024x683.jpg\" alt=\"\" width=\"1024\" height=\"683\" \/><\/a><\/p>\n<p>&nbsp;<\/p>\n","protected":false},"excerpt":{"rendered":"<p>Abans de comen\u00e7ar el projecte de &#8220;La verema&#8221;, els nens i nenes de P4, Els dofins i Les aranyes, vam fer un petit tastet per descubrir com \u00e9s el ra\u00efm de primera m\u00e0: Quin gust t\u00e9, si \u00e9s aspre o dol\u00e7 i quin \u00e9s el&hellip;  <a href=\"https:\/\/agora.xtec.cat\/ceipsab\/educacio-infantil\/p4\/tastet-raim\/\" title=\"Read TASTET RA\u00cfM\">Llegeix m\u00e9s\u00bb<\/a><\/p>\n","protected":false},"author":3,"featured_media":0,"comment_status":"open","ping_status":"closed","sticky":false,"template":"","format":"standard","meta":{"_bbp_topic_count":0,"_bbp_reply_count":0,"_bbp_total_topic_count":0,"_bbp_total_reply_count":0,"_bbp_voice_count":0,"_bbp_anonymous_reply_count":0,"_bbp_topic_count_hidden":0,"_bbp_reply_count_hidden":0,"_bbp_forum_subforum_count":0,"footnotes":""},"categories":[62,8],"tags":[116],"class_list":["post-3054","post","type-post","status-publish","format-standard","hentry","category-educacio-infantil","category-p4","tag-experimentacio"],"post_mailing_queue_ids":[],"_links":{"self":[{"href":"https:\/\/agora.xtec.cat\/ceipsab\/wp-json\/wp\/v2\/posts\/3054","targetHints":{"allow":["GET"]}}],"collection":[{"href":"https:\/\/agora.xtec.cat\/ceipsab\/wp-json\/wp\/v2\/posts"}],"about":[{"href":"https:\/\/agora.xtec.cat\/ceipsab\/wp-json\/wp\/v2\/types\/post"}],"author":[{"embeddable":true,"href":"https:\/\/agora.xtec.cat\/ceipsab\/wp-json\/wp\/v2\/users\/3"}],"replies":[{"embeddable":true,"href":"https:\/\/agora.xtec.cat\/ceipsab\/wp-json\/wp\/v2\/comments?post=3054"}],"version-history":[{"count":3,"href":"https:\/\/agora.xtec.cat\/ceipsab\/wp-json\/wp\/v2\/posts\/3054\/revisions"}],"predecessor-version":[{"id":3064,"href":"https:\/\/agora.xtec.cat\/ceipsab\/wp-json\/wp\/v2\/posts\/3054\/revisions\/3064"}],"wp:attachment":[{"href":"https:\/\/agora.xtec.cat\/ceipsab\/wp-json\/wp\/v2\/media?parent=3054"}],"wp:term":[{"taxonomy":"category","embeddable":true,"href":"https:\/\/agora.xtec.cat\/ceipsab\/wp-json\/wp\/v2\/categories?post=3054"},{"taxonomy":"post_tag","embeddable":true,"href":"https:\/\/agora.xtec.cat\/ceipsab\/wp-json\/wp\/v2\/tags?post=3054"}],"curies":[{"name":"wp","href":"https:\/\/api.w.org\/{rel}","templated":true}]}}