{"id":3030,"date":"2018-10-21T19:07:41","date_gmt":"2018-10-21T17:07:41","guid":{"rendered":"http:\/\/agora.xtec.cat\/ceipsab\/?p=3030"},"modified":"2018-10-21T23:11:12","modified_gmt":"2018-10-21T21:11:12","slug":"experimentem-amb-el-raim","status":"publish","type":"post","link":"https:\/\/agora.xtec.cat\/ceipsab\/educacio-infantil\/p5\/experimentem-amb-el-raim\/","title":{"rendered":"EXPERIMENTEM AMB EL RA\u00cfM"},"content":{"rendered":"<p>A partir de la nostra sortida a la verema, moltes de les activitats que portem a terme a l&#8217;aula estan relacionades amb aquesta. \u00c9s per aix\u00f2, que durant una sessi\u00f3 d&#8217;experimentaci\u00f3 vam tocar el ra\u00efm (primer per fora i despr\u00e9s per dins), li vam treure la pell, el vam obrir, vam observar detalladament les seves parts i finalment, el vam menjar. Qu\u00e8 dol\u00e7 \u00e9s!!!<\/p>\n<p>En una altra sessi\u00f3 tamb\u00e9 vam observar el ra\u00efm amb la lupa ecoline (una lupa que connectem a l&#8217;ordinador i amb la qual podem observar els diferents materials molt ampliats). Es van quedar ben sorpresos!!!<\/p>\n<p style=\"text-align: center\"><a href=\"https:\/\/photos.app.goo.gl\/CuuR4mhdTZLPxDhY6\"><img loading=\"lazy\" decoding=\"async\" class=\"alignnone size-full wp-image-3031\" src=\"https:\/\/agora.xtec.cat\/ceipsab\/wp-content\/uploads\/usu1011\/2018\/10\/IMG_20181005_120107.jpg\" alt=\"\" width=\"281\" height=\"211\" srcset=\"https:\/\/agora.xtec.cat\/ceipsab\/wp-content\/uploads\/usu1011\/2018\/10\/IMG_20181005_120107.jpg 281w, https:\/\/agora.xtec.cat\/ceipsab\/wp-content\/uploads\/usu1011\/2018\/10\/IMG_20181005_120107-200x150.jpg 200w\" sizes=\"auto, (max-width: 281px) 100vw, 281px\" \/><\/a><\/p>\n","protected":false},"excerpt":{"rendered":"<p>A partir de la nostra sortida a la verema, moltes de les activitats que portem a terme a l&#8217;aula estan relacionades amb aquesta. \u00c9s per aix\u00f2, que durant una sessi\u00f3 d&#8217;experimentaci\u00f3 vam tocar el ra\u00efm (primer per fora i despr\u00e9s per dins), li vam treure&hellip;  <a href=\"https:\/\/agora.xtec.cat\/ceipsab\/educacio-infantil\/p5\/experimentem-amb-el-raim\/\" title=\"Read EXPERIMENTEM AMB EL RA\u00cfM\">Llegeix m\u00e9s\u00bb<\/a><\/p>\n","protected":false},"author":25,"featured_media":0,"comment_status":"open","ping_status":"closed","sticky":false,"template":"","format":"standard","meta":{"_bbp_topic_count":0,"_bbp_reply_count":0,"_bbp_total_topic_count":0,"_bbp_total_reply_count":0,"_bbp_voice_count":0,"_bbp_anonymous_reply_count":0,"_bbp_topic_count_hidden":0,"_bbp_reply_count_hidden":0,"_bbp_forum_subforum_count":0,"footnotes":""},"categories":[9],"tags":[116],"class_list":["post-3030","post","type-post","status-publish","format-standard","hentry","category-p5","tag-experimentacio"],"post_mailing_queue_ids":[],"_links":{"self":[{"href":"https:\/\/agora.xtec.cat\/ceipsab\/wp-json\/wp\/v2\/posts\/3030","targetHints":{"allow":["GET"]}}],"collection":[{"href":"https:\/\/agora.xtec.cat\/ceipsab\/wp-json\/wp\/v2\/posts"}],"about":[{"href":"https:\/\/agora.xtec.cat\/ceipsab\/wp-json\/wp\/v2\/types\/post"}],"author":[{"embeddable":true,"href":"https:\/\/agora.xtec.cat\/ceipsab\/wp-json\/wp\/v2\/users\/25"}],"replies":[{"embeddable":true,"href":"https:\/\/agora.xtec.cat\/ceipsab\/wp-json\/wp\/v2\/comments?post=3030"}],"version-history":[{"count":2,"href":"https:\/\/agora.xtec.cat\/ceipsab\/wp-json\/wp\/v2\/posts\/3030\/revisions"}],"predecessor-version":[{"id":3047,"href":"https:\/\/agora.xtec.cat\/ceipsab\/wp-json\/wp\/v2\/posts\/3030\/revisions\/3047"}],"wp:attachment":[{"href":"https:\/\/agora.xtec.cat\/ceipsab\/wp-json\/wp\/v2\/media?parent=3030"}],"wp:term":[{"taxonomy":"category","embeddable":true,"href":"https:\/\/agora.xtec.cat\/ceipsab\/wp-json\/wp\/v2\/categories?post=3030"},{"taxonomy":"post_tag","embeddable":true,"href":"https:\/\/agora.xtec.cat\/ceipsab\/wp-json\/wp\/v2\/tags?post=3030"}],"curies":[{"name":"wp","href":"https:\/\/api.w.org\/{rel}","templated":true}]}}