{"id":2974,"date":"2018-10-08T16:07:21","date_gmt":"2018-10-08T14:07:21","guid":{"rendered":"http:\/\/agora.xtec.cat\/ceipsab\/?p=2974"},"modified":"2018-10-18T17:16:01","modified_gmt":"2018-10-18T15:16:01","slug":"sortida-a-can-julia-la-verema","status":"publish","type":"post","link":"https:\/\/agora.xtec.cat\/ceipsab\/portada\/sortida-a-can-julia-la-verema\/","title":{"rendered":"Sortida a Can Juli\u00e0 ( La verema )"},"content":{"rendered":"<p>Hola fam\u00edlies!<\/p>\n<p>Els nens i nenes de P4 i P5 hem anat d&#8217;excursi\u00f3 a la Masia de Can Juli\u00e0 a St. Esteve Sesrovires. All\u00e0 ens han ensenyat com es fa tot el proc\u00e9s de la verema.<\/p>\n<p>En diferents grups hem visitat la vinya, hem trepitjat ra\u00efm, he vist les m\u00e0quines antigues&#8230; i fins i tot hem fet l&#8217;etiqueta per al nostre most!<\/p>\n<p>Ens hem divertit d&#8217;all\u00f2 m\u00e9s! Ens voleu veure?<\/p>\n<p>P4A<\/p>\n<p><em>(Cliqueu a la imatge per veure m\u00e9s fotografies)<\/em><\/p>\n<p><a href=\"https:\/\/photos.app.goo.gl\/EKjU2Xu9Xk1xSRQC7\"><img loading=\"lazy\" decoding=\"async\" class=\"alignnone wp-image-2979\" src=\"https:\/\/agora.xtec.cat\/ceipsab\/wp-content\/uploads\/usu1011\/2018\/10\/IMG_20181002_114321391_HDR-1024x768.jpg\" alt=\"\" width=\"302\" height=\"227\" srcset=\"https:\/\/agora.xtec.cat\/ceipsab\/wp-content\/uploads\/usu1011\/2018\/10\/IMG_20181002_114321391_HDR-1024x768.jpg 1024w, https:\/\/agora.xtec.cat\/ceipsab\/wp-content\/uploads\/usu1011\/2018\/10\/IMG_20181002_114321391_HDR-300x225.jpg 300w, https:\/\/agora.xtec.cat\/ceipsab\/wp-content\/uploads\/usu1011\/2018\/10\/IMG_20181002_114321391_HDR-768x576.jpg 768w, https:\/\/agora.xtec.cat\/ceipsab\/wp-content\/uploads\/usu1011\/2018\/10\/IMG_20181002_114321391_HDR-200x150.jpg 200w\" sizes=\"auto, (max-width: 302px) 100vw, 302px\" \/><\/a><\/p>\n<p>&nbsp;<\/p>\n<p>P4B<\/p>\n<p><em>(Cliqueu a la imatge per veure m\u00e9s fotografies)<\/em><\/p>\n<p><a href=\"https:\/\/photos.app.goo.gl\/yrQfqVp8xietqchQA\"><img loading=\"lazy\" decoding=\"async\" class=\" wp-image-2975\" src=\"https:\/\/agora.xtec.cat\/ceipsab\/wp-content\/uploads\/usu1011\/2018\/10\/IMG_20181002_120856-1024x577.jpg\" alt=\"\" width=\"304\" height=\"171\" srcset=\"https:\/\/agora.xtec.cat\/ceipsab\/wp-content\/uploads\/usu1011\/2018\/10\/IMG_20181002_120856-1024x577.jpg 1024w, https:\/\/agora.xtec.cat\/ceipsab\/wp-content\/uploads\/usu1011\/2018\/10\/IMG_20181002_120856-300x169.jpg 300w, https:\/\/agora.xtec.cat\/ceipsab\/wp-content\/uploads\/usu1011\/2018\/10\/IMG_20181002_120856-768x433.jpg 768w\" sizes=\"auto, (max-width: 304px) 100vw, 304px\" \/><\/a><\/p>\n","protected":false},"excerpt":{"rendered":"<p>Hola fam\u00edlies!<br \/>\nEls nens i nenes de P4 i P5 hem anat d&#8217;excursi\u00f3 a la Masia de Can Juli\u00e0 a St. Esteve Sesrovires. All\u00e0 ens han ensenyat com es fa tot el proc\u00e9s de la verema.<br \/>\nEn diferents grups hem visitat la vinya, hem trepitjat ra\u00efm, he&hellip;  <a href=\"https:\/\/agora.xtec.cat\/ceipsab\/portada\/sortida-a-can-julia-la-verema\/\" title=\"Read Sortida a Can Juli\u00e0 ( La verema )\">Llegeix m\u00e9s\u00bb<\/a><\/p>\n","protected":false},"author":1,"featured_media":0,"comment_status":"open","ping_status":"closed","sticky":false,"template":"","format":"standard","meta":{"_bbp_topic_count":0,"_bbp_reply_count":0,"_bbp_total_topic_count":0,"_bbp_total_reply_count":0,"_bbp_voice_count":0,"_bbp_anonymous_reply_count":0,"_bbp_topic_count_hidden":0,"_bbp_reply_count_hidden":0,"_bbp_forum_subforum_count":0,"footnotes":""},"categories":[8,4],"tags":[],"class_list":["post-2974","post","type-post","status-publish","format-standard","hentry","category-p4","category-portada"],"post_mailing_queue_ids":[],"_links":{"self":[{"href":"https:\/\/agora.xtec.cat\/ceipsab\/wp-json\/wp\/v2\/posts\/2974","targetHints":{"allow":["GET"]}}],"collection":[{"href":"https:\/\/agora.xtec.cat\/ceipsab\/wp-json\/wp\/v2\/posts"}],"about":[{"href":"https:\/\/agora.xtec.cat\/ceipsab\/wp-json\/wp\/v2\/types\/post"}],"author":[{"embeddable":true,"href":"https:\/\/agora.xtec.cat\/ceipsab\/wp-json\/wp\/v2\/users\/1"}],"replies":[{"embeddable":true,"href":"https:\/\/agora.xtec.cat\/ceipsab\/wp-json\/wp\/v2\/comments?post=2974"}],"version-history":[{"count":2,"href":"https:\/\/agora.xtec.cat\/ceipsab\/wp-json\/wp\/v2\/posts\/2974\/revisions"}],"predecessor-version":[{"id":2980,"href":"https:\/\/agora.xtec.cat\/ceipsab\/wp-json\/wp\/v2\/posts\/2974\/revisions\/2980"}],"wp:attachment":[{"href":"https:\/\/agora.xtec.cat\/ceipsab\/wp-json\/wp\/v2\/media?parent=2974"}],"wp:term":[{"taxonomy":"category","embeddable":true,"href":"https:\/\/agora.xtec.cat\/ceipsab\/wp-json\/wp\/v2\/categories?post=2974"},{"taxonomy":"post_tag","embeddable":true,"href":"https:\/\/agora.xtec.cat\/ceipsab\/wp-json\/wp\/v2\/tags?post=2974"}],"curies":[{"name":"wp","href":"https:\/\/api.w.org\/{rel}","templated":true}]}}