{"id":2918,"date":"2018-07-03T20:59:40","date_gmt":"2018-07-03T18:59:40","guid":{"rendered":"http:\/\/agora.xtec.cat\/ceipsab\/?p=2918"},"modified":"2018-07-03T20:59:40","modified_gmt":"2018-07-03T18:59:40","slug":"els-alumnes-de-segon","status":"publish","type":"post","link":"https:\/\/agora.xtec.cat\/ceipsab\/primaria\/els-alumnes-de-segon\/","title":{"rendered":"ELS ALUMNES DE SEGON"},"content":{"rendered":"<p>Les mestres de segon hem fet un recull de fotografies que mostren alguns dels moments que han viscut els nostres alumnes durant aquest curs. Tanquem d&#8217;aquesta manera una etapa on nosaltres, els\/les mestres, tamb\u00e9 hem apr\u00e8s moltes coses gr\u00e0cies a ells\/es. Els desitgem el millor en el nou cicle que comen\u00e7aran!\u00a0BON ESTIU! Cristina i Alicia.<\/p>\n<p>&nbsp;<\/p>\n<p><a href=\"https:\/\/photos.app.goo.gl\/mKe2YtPFhWvx8iT67\"><img loading=\"lazy\" decoding=\"async\" class=\"alignnone wp-image-2933\" src=\"http:\/\/agora.xtec.cat\/ceipsab\/wp-content\/uploads\/usu1011\/2018\/07\/col\u00f2nies-1.png\" alt=\"\" width=\"250\" height=\"218\" srcset=\"https:\/\/agora.xtec.cat\/ceipsab\/wp-content\/uploads\/usu1011\/2018\/07\/col\u00f2nies-1.png 320w, https:\/\/agora.xtec.cat\/ceipsab\/wp-content\/uploads\/usu1011\/2018\/07\/col\u00f2nies-1-300x263.png 300w\" sizes=\"auto, (max-width: 250px) 100vw, 250px\" \/><\/a><\/p>\n<p><a href=\"https:\/\/photos.app.goo.gl\/v5jABbTzUH2kaeLt9\"><img loading=\"lazy\" decoding=\"async\" class=\"alignnone wp-image-2926\" src=\"http:\/\/agora.xtec.cat\/ceipsab\/wp-content\/uploads\/usu1011\/2018\/07\/Sant-Jordi-1024x830.jpeg\" alt=\"\" width=\"308\" height=\"250\" srcset=\"https:\/\/agora.xtec.cat\/ceipsab\/wp-content\/uploads\/usu1011\/2018\/07\/Sant-Jordi-1024x830.jpeg 1024w, https:\/\/agora.xtec.cat\/ceipsab\/wp-content\/uploads\/usu1011\/2018\/07\/Sant-Jordi-300x243.jpeg 300w, https:\/\/agora.xtec.cat\/ceipsab\/wp-content\/uploads\/usu1011\/2018\/07\/Sant-Jordi-768x623.jpeg 768w, https:\/\/agora.xtec.cat\/ceipsab\/wp-content\/uploads\/usu1011\/2018\/07\/Sant-Jordi.jpeg 1800w\" sizes=\"auto, (max-width: 308px) 100vw, 308px\" \/><\/a><\/p>\n<p>&nbsp;<\/p>\n<p><a href=\"https:\/\/photos.app.goo.gl\/vJzy8MeJ6giFXC9RA\"><img loading=\"lazy\" decoding=\"async\" class=\"alignnone wp-image-2930\" src=\"http:\/\/agora.xtec.cat\/ceipsab\/wp-content\/uploads\/usu1011\/2018\/07\/carnestoltes.jpg\" alt=\"\" width=\"299\" height=\"215\" srcset=\"https:\/\/agora.xtec.cat\/ceipsab\/wp-content\/uploads\/usu1011\/2018\/07\/carnestoltes.jpg 500w, https:\/\/agora.xtec.cat\/ceipsab\/wp-content\/uploads\/usu1011\/2018\/07\/carnestoltes-300x216.jpg 300w\" sizes=\"auto, (max-width: 299px) 100vw, 299px\" \/><\/a><\/p>\n<p>&nbsp;<\/p>\n<p><a href=\"https:\/\/photos.app.goo.gl\/Fm5mJBGs3ZXqsTBNA\"><img loading=\"lazy\" decoding=\"async\" class=\"alignnone wp-image-2931\" src=\"http:\/\/agora.xtec.cat\/ceipsab\/wp-content\/uploads\/usu1011\/2018\/07\/CASTANYADA-1024x675.jpg\" alt=\"\" width=\"298\" height=\"197\" srcset=\"https:\/\/agora.xtec.cat\/ceipsab\/wp-content\/uploads\/usu1011\/2018\/07\/CASTANYADA.jpg 1024w, https:\/\/agora.xtec.cat\/ceipsab\/wp-content\/uploads\/usu1011\/2018\/07\/CASTANYADA-300x198.jpg 300w, https:\/\/agora.xtec.cat\/ceipsab\/wp-content\/uploads\/usu1011\/2018\/07\/CASTANYADA-768x506.jpg 768w\" sizes=\"auto, (max-width: 298px) 100vw, 298px\" \/><\/a><\/p>\n<p>&nbsp;<\/p>\n<p><a href=\"https:\/\/photos.app.goo.gl\/FFKJQ2GaNJVwfS7y9\"><img loading=\"lazy\" decoding=\"async\" class=\"alignnone wp-image-2927\" src=\"http:\/\/agora.xtec.cat\/ceipsab\/wp-content\/uploads\/usu1011\/2018\/07\/tablets.jpg\" alt=\"\" width=\"369\" height=\"219\" srcset=\"https:\/\/agora.xtec.cat\/ceipsab\/wp-content\/uploads\/usu1011\/2018\/07\/tablets.jpg 640w, https:\/\/agora.xtec.cat\/ceipsab\/wp-content\/uploads\/usu1011\/2018\/07\/tablets-300x178.jpg 300w\" sizes=\"auto, (max-width: 369px) 100vw, 369px\" \/><\/a><\/p>\n<p><a href=\"https:\/\/photos.app.goo.gl\/X9Ns1sdWMEdbG4rY7\"><img loading=\"lazy\" decoding=\"async\" class=\"alignnone wp-image-2922\" src=\"http:\/\/agora.xtec.cat\/ceipsab\/wp-content\/uploads\/usu1011\/2018\/07\/Treballs-en-grup.jpg\" alt=\"\" width=\"257\" height=\"254\" \/><\/a><\/p>\n<p>&nbsp;<\/p>\n<p><a href=\"https:\/\/photos.app.goo.gl\/w3daWFXMrFVGu1YR6\"><img loading=\"lazy\" decoding=\"async\" class=\"alignnone wp-image-2919\" src=\"http:\/\/agora.xtec.cat\/ceipsab\/wp-content\/uploads\/usu1011\/2018\/07\/paleta-2.jpg\" alt=\"\" width=\"268\" height=\"201\" srcset=\"https:\/\/agora.xtec.cat\/ceipsab\/wp-content\/uploads\/usu1011\/2018\/07\/paleta-2.jpg 259w, https:\/\/agora.xtec.cat\/ceipsab\/wp-content\/uploads\/usu1011\/2018\/07\/paleta-2-200x150.jpg 200w\" sizes=\"auto, (max-width: 268px) 100vw, 268px\" \/><\/a><\/p>\n<p>&nbsp;<\/p>\n<p>&nbsp;<\/p>\n","protected":false},"excerpt":{"rendered":"<p>Les mestres de segon hem fet un recull de fotografies que mostren alguns dels moments que han viscut els nostres alumnes durant aquest curs. Tanquem d&#8217;aquesta manera una etapa on nosaltres, els\/les mestres, tamb\u00e9 hem apr\u00e8s moltes coses gr\u00e0cies a ells\/es. Els desitgem el millor&hellip;  <a href=\"https:\/\/agora.xtec.cat\/ceipsab\/primaria\/els-alumnes-de-segon\/\" title=\"Read ELS ALUMNES DE SEGON\">Llegeix m\u00e9s\u00bb<\/a><\/p>\n","protected":false},"author":1,"featured_media":0,"comment_status":"open","ping_status":"closed","sticky":false,"template":"","format":"standard","meta":{"_bbp_topic_count":0,"_bbp_reply_count":0,"_bbp_total_topic_count":0,"_bbp_total_reply_count":0,"_bbp_voice_count":0,"_bbp_anonymous_reply_count":0,"_bbp_topic_count_hidden":0,"_bbp_reply_count_hidden":0,"_bbp_forum_subforum_count":0,"footnotes":""},"categories":[11,63,5],"tags":[],"class_list":["post-2918","post","type-post","status-publish","format-standard","hentry","category-2n","category-cicle-inicial","category-primaria"],"post_mailing_queue_ids":[],"_links":{"self":[{"href":"https:\/\/agora.xtec.cat\/ceipsab\/wp-json\/wp\/v2\/posts\/2918","targetHints":{"allow":["GET"]}}],"collection":[{"href":"https:\/\/agora.xtec.cat\/ceipsab\/wp-json\/wp\/v2\/posts"}],"about":[{"href":"https:\/\/agora.xtec.cat\/ceipsab\/wp-json\/wp\/v2\/types\/post"}],"author":[{"embeddable":true,"href":"https:\/\/agora.xtec.cat\/ceipsab\/wp-json\/wp\/v2\/users\/1"}],"replies":[{"embeddable":true,"href":"https:\/\/agora.xtec.cat\/ceipsab\/wp-json\/wp\/v2\/comments?post=2918"}],"version-history":[{"count":4,"href":"https:\/\/agora.xtec.cat\/ceipsab\/wp-json\/wp\/v2\/posts\/2918\/revisions"}],"predecessor-version":[{"id":2938,"href":"https:\/\/agora.xtec.cat\/ceipsab\/wp-json\/wp\/v2\/posts\/2918\/revisions\/2938"}],"wp:attachment":[{"href":"https:\/\/agora.xtec.cat\/ceipsab\/wp-json\/wp\/v2\/media?parent=2918"}],"wp:term":[{"taxonomy":"category","embeddable":true,"href":"https:\/\/agora.xtec.cat\/ceipsab\/wp-json\/wp\/v2\/categories?post=2918"},{"taxonomy":"post_tag","embeddable":true,"href":"https:\/\/agora.xtec.cat\/ceipsab\/wp-json\/wp\/v2\/tags?post=2918"}],"curies":[{"name":"wp","href":"https:\/\/api.w.org\/{rel}","templated":true}]}}