{"id":2911,"date":"2018-06-26T14:01:56","date_gmt":"2018-06-26T12:01:56","guid":{"rendered":"http:\/\/agora.xtec.cat\/ceipsab\/?p=2911"},"modified":"2018-06-26T14:01:56","modified_gmt":"2018-06-26T12:01:56","slug":"visita-de-les-llars-dinfants","status":"publish","type":"post","link":"https:\/\/agora.xtec.cat\/ceipsab\/educacio-infantil\/p5\/general\/visita-de-les-llars-dinfants\/","title":{"rendered":"VISITA DE LES LLARS D&#8217;INFANTS"},"content":{"rendered":"<p>Hola fam\u00edlies!<\/p>\n<p>Aquest mes de juny hem rebut les visites dels infants de la llar d&#8217;infants &#8220;EL TRENET&#8221; i de la llar dinfants &#8220;CASA PEDEMONTE&#8221;. El m\u00e9s petits han vingut a veure la nostra escola i nosaltres, com que som m\u00e9s grans, els hi hem ensenyat all\u00f2 que hem apr\u00e8s.<\/p>\n<p>Ens ha agradat molt!<\/p>\n<p><em>(Cliqueu a la imatge per veure m\u00e9s fotografies)<\/em><\/p>\n<p><a href=\"https:\/\/photos.app.goo.gl\/nmRTvpSiAzD2TqLP9\"><img loading=\"lazy\" decoding=\"async\" class=\"alignnone  wp-image-2912\" src=\"http:\/\/agora.xtec.cat\/ceipsab\/wp-content\/uploads\/usu1011\/2018\/06\/CIMG0879-1024x768.jpg\" alt=\"\" width=\"310\" height=\"232\" srcset=\"https:\/\/agora.xtec.cat\/ceipsab\/wp-content\/uploads\/usu1011\/2018\/06\/CIMG0879-1024x768.jpg 1024w, https:\/\/agora.xtec.cat\/ceipsab\/wp-content\/uploads\/usu1011\/2018\/06\/CIMG0879-300x225.jpg 300w, https:\/\/agora.xtec.cat\/ceipsab\/wp-content\/uploads\/usu1011\/2018\/06\/CIMG0879-768x576.jpg 768w, https:\/\/agora.xtec.cat\/ceipsab\/wp-content\/uploads\/usu1011\/2018\/06\/CIMG0879-200x150.jpg 200w\" sizes=\"auto, (max-width: 310px) 100vw, 310px\" \/><\/a><\/p>\n<p>&nbsp;<\/p>\n","protected":false},"excerpt":{"rendered":"<p>Hola fam\u00edlies!<br \/>\nAquest mes de juny hem rebut les visites dels infants de la llar d&#8217;infants &#8220;EL TRENET&#8221; i de la llar dinfants &#8220;CASA PEDEMONTE&#8221;. El m\u00e9s petits han vingut a veure la nostra escola i nosaltres, com que som m\u00e9s grans, els hi hem ensenyat&hellip;  <a href=\"https:\/\/agora.xtec.cat\/ceipsab\/educacio-infantil\/p5\/general\/visita-de-les-llars-dinfants\/\" title=\"Read VISITA DE LES LLARS D&#8217;INFANTS\">Llegeix m\u00e9s\u00bb<\/a><\/p>\n","protected":false},"author":1,"featured_media":0,"comment_status":"open","ping_status":"closed","sticky":false,"template":"","format":"standard","meta":{"_bbp_topic_count":0,"_bbp_reply_count":0,"_bbp_total_topic_count":0,"_bbp_total_reply_count":0,"_bbp_voice_count":0,"_bbp_anonymous_reply_count":0,"_bbp_topic_count_hidden":0,"_bbp_reply_count_hidden":0,"_bbp_forum_subforum_count":0,"footnotes":""},"categories":[62,1,3],"tags":[],"class_list":["post-2911","post","type-post","status-publish","format-standard","hentry","category-educacio-infantil","category-general","category-p3"],"post_mailing_queue_ids":[],"_links":{"self":[{"href":"https:\/\/agora.xtec.cat\/ceipsab\/wp-json\/wp\/v2\/posts\/2911","targetHints":{"allow":["GET"]}}],"collection":[{"href":"https:\/\/agora.xtec.cat\/ceipsab\/wp-json\/wp\/v2\/posts"}],"about":[{"href":"https:\/\/agora.xtec.cat\/ceipsab\/wp-json\/wp\/v2\/types\/post"}],"author":[{"embeddable":true,"href":"https:\/\/agora.xtec.cat\/ceipsab\/wp-json\/wp\/v2\/users\/1"}],"replies":[{"embeddable":true,"href":"https:\/\/agora.xtec.cat\/ceipsab\/wp-json\/wp\/v2\/comments?post=2911"}],"version-history":[{"count":1,"href":"https:\/\/agora.xtec.cat\/ceipsab\/wp-json\/wp\/v2\/posts\/2911\/revisions"}],"predecessor-version":[{"id":2913,"href":"https:\/\/agora.xtec.cat\/ceipsab\/wp-json\/wp\/v2\/posts\/2911\/revisions\/2913"}],"wp:attachment":[{"href":"https:\/\/agora.xtec.cat\/ceipsab\/wp-json\/wp\/v2\/media?parent=2911"}],"wp:term":[{"taxonomy":"category","embeddable":true,"href":"https:\/\/agora.xtec.cat\/ceipsab\/wp-json\/wp\/v2\/categories?post=2911"},{"taxonomy":"post_tag","embeddable":true,"href":"https:\/\/agora.xtec.cat\/ceipsab\/wp-json\/wp\/v2\/tags?post=2911"}],"curies":[{"name":"wp","href":"https:\/\/api.w.org\/{rel}","templated":true}]}}