{"id":2885,"date":"2018-06-24T12:08:03","date_gmt":"2018-06-24T10:08:03","guid":{"rendered":"http:\/\/agora.xtec.cat\/ceipsab\/?p=2885"},"modified":"2018-06-24T12:08:03","modified_gmt":"2018-06-24T10:08:03","slug":"experimentem-amb-aigua-p5","status":"publish","type":"post","link":"https:\/\/agora.xtec.cat\/ceipsab\/educacio-infantil\/p5\/experimentem-amb-aigua-p5\/","title":{"rendered":"Experimentem amb aigua. P5"},"content":{"rendered":"<p>Hola fam\u00edlies!<\/p>\n<p>Els infants de P5 hem estat experimentant amb l&#8217;aigua! Ha estat una experi\u00e8ncia molt divertida i enriquidora. Aqu\u00ed us deixem una mostra fotogr\u00e0fica de tot el que hem fet.<\/p>\n<p><a href=\"https:\/\/photos.app.goo.gl\/tCbRLoFN5wovNWad7\"><img loading=\"lazy\" decoding=\"async\" class=\"\" src=\"https:\/\/lh3.googleusercontent.com\/3tu8cfJyej6bD3T5l0X2ySnopF3HWz_S3TqxNpQoy8c48duG8rXU5TYVkO9RWYJt60XLOTTnhIXe2uYYY3pOxO65fFawUN7Pr1gZw8klsqnCB-1csuBLaGTOCpNyFS5ADQDh5td2Xp0sAAz5VunFQx_B7aiBmyxrFGzLvlHgE2TDAhHeg1gnjrFLnLhrGFy_nfiL0WikmliLGLE5GI53A90liUCg4YWYw1eUm63qWyL5nO5vlkM4wp9FiYRjZkEoz2On-EoDB5AGOzwctQV-B9EBcuSrJYh6fAUD4vVtspfWZxDTDCym90mV1lHX3SZnWUTVAiD9235hZ20Ij8SZGXQiMv6aNzYqI97cZU65k14E4MphlKhPlgp9Ax0XzcXk5M8XMfP4BkcvCpvPN5VY6_ZExpPkTNTqwSlQB-W61E6OgpsyRsROX-33t1MPyGphRqzZ5Sq6vNgBM0tH7yoYFpu1lQoRoNKgbZOPYgkWdPvz20sf7vaW92RT_5WGfOKLnDid0g-4lqdiJXEqYlWD_gIMmfb28AU4DG5Ud7svXuAgEniGnsdVvJaFMiDL0xO95lJL11XQxPaEDbWvVR4w726DLduVNXU1H2JPZAI=w883-h662-no\" width=\"344\" height=\"258\" \/><\/a><\/p>\n","protected":false},"excerpt":{"rendered":"<p>Hola fam\u00edlies!<br \/>\nEls infants de P5 hem estat experimentant amb l&#8217;aigua! Ha estat una experi\u00e8ncia molt divertida i enriquidora. Aqu\u00ed us deixem una mostra fotogr\u00e0fica de tot el que hem fet.<br \/>\n<a href=\"https:\/\/photos.app.goo.gl\/tCbRLoFN5wovNWad7\"><\/a><\/p>\n","protected":false},"author":1,"featured_media":0,"comment_status":"open","ping_status":"closed","sticky":false,"template":"","format":"standard","meta":{"_bbp_topic_count":0,"_bbp_reply_count":0,"_bbp_total_topic_count":0,"_bbp_total_reply_count":0,"_bbp_voice_count":0,"_bbp_anonymous_reply_count":0,"_bbp_topic_count_hidden":0,"_bbp_reply_count_hidden":0,"_bbp_forum_subforum_count":0,"footnotes":""},"categories":[62,9],"tags":[],"class_list":["post-2885","post","type-post","status-publish","format-standard","hentry","category-educacio-infantil","category-p5"],"post_mailing_queue_ids":[],"_links":{"self":[{"href":"https:\/\/agora.xtec.cat\/ceipsab\/wp-json\/wp\/v2\/posts\/2885","targetHints":{"allow":["GET"]}}],"collection":[{"href":"https:\/\/agora.xtec.cat\/ceipsab\/wp-json\/wp\/v2\/posts"}],"about":[{"href":"https:\/\/agora.xtec.cat\/ceipsab\/wp-json\/wp\/v2\/types\/post"}],"author":[{"embeddable":true,"href":"https:\/\/agora.xtec.cat\/ceipsab\/wp-json\/wp\/v2\/users\/1"}],"replies":[{"embeddable":true,"href":"https:\/\/agora.xtec.cat\/ceipsab\/wp-json\/wp\/v2\/comments?post=2885"}],"version-history":[{"count":1,"href":"https:\/\/agora.xtec.cat\/ceipsab\/wp-json\/wp\/v2\/posts\/2885\/revisions"}],"predecessor-version":[{"id":2886,"href":"https:\/\/agora.xtec.cat\/ceipsab\/wp-json\/wp\/v2\/posts\/2885\/revisions\/2886"}],"wp:attachment":[{"href":"https:\/\/agora.xtec.cat\/ceipsab\/wp-json\/wp\/v2\/media?parent=2885"}],"wp:term":[{"taxonomy":"category","embeddable":true,"href":"https:\/\/agora.xtec.cat\/ceipsab\/wp-json\/wp\/v2\/categories?post=2885"},{"taxonomy":"post_tag","embeddable":true,"href":"https:\/\/agora.xtec.cat\/ceipsab\/wp-json\/wp\/v2\/tags?post=2885"}],"curies":[{"name":"wp","href":"https:\/\/api.w.org\/{rel}","templated":true}]}}