{"id":2854,"date":"2018-06-21T23:13:37","date_gmt":"2018-06-21T21:13:37","guid":{"rendered":"http:\/\/agora.xtec.cat\/ceipsab\/?p=2854"},"modified":"2018-06-21T23:13:37","modified_gmt":"2018-06-21T21:13:37","slug":"visitem-les-classes-de-1er-p5","status":"publish","type":"post","link":"https:\/\/agora.xtec.cat\/ceipsab\/educacio-infantil\/p5\/visitem-les-classes-de-1er-p5\/","title":{"rendered":"Visitem les classes de 1er!!! P5"},"content":{"rendered":"<p>Hola fam\u00edlies,<\/p>\n<p>Com ja sabeu el curs que ve comencem una nova etapa, estarem a cicle inicial fent primer de prim\u00e0ria. Per aquest motiu hem anat a veure com s\u00f3n les classes de primer i qu\u00e8 feien els infants que estaven all\u00e0. Ha estat una experi\u00e8ncia enormement enriquidora.<\/p>\n<p><a href=\"https:\/\/photos.app.goo.gl\/BL7FPFnwNQd7QkQ58\"><img loading=\"lazy\" decoding=\"async\" class=\"\" src=\"https:\/\/lh3.googleusercontent.com\/NAqJer5Ww-qgjQzF5Vo4hlupMeaao2mhmL2IuwHbaVYiFGXFGNKqk3wc7ymv9847T3ts7HH4kg7Fwtpi34dx8fiQqi2H8eLMFc-vn1juDjA66y_lUHitWzi25XrUj77qCI_fpOnwjZCrgafJ79m7MxP9Lvk-52kNeU8QD-naFpF66DAOcW3V1wJUAtwoLs4dsizPePAiTNjjMnuUhga8WX2jypjtNTdm7nsXfuMugW7SrwDr8262Hx4iA1fKFlmPnHJa0N3xtJGTjmO9pLueTikvauzpoTtysNchXSG2ApPBscDQPKjiElwSsxibCrxskh6ajniRAV6zYVGm1DCMBN0BJtY41R2JEYZU7YpTGVJzOfPqPZxZoIz9LGZ5ZMd4iQezAjSrj0JjkWBxtxDEhWogkL_cwM1g2UoCkmkeqhV9vI6RJ0kG3VEf4U4LWGHDIdmx0JbaSYIoRPTMvge0D-HvdF66Xe3i2pCPuBInYat6aT12ft3jx0bz89Jt1bBcfOTPIH5T0-NWWxi5vvhTABsHCCHFrMC40VLhBQlQ8LScG9zdGA33UYyscL9c8ZuJueyH0geh0akytwgsIip2h7x5pi3kVYQucpfAgbI=w883-h662-no\" width=\"304\" height=\"228\" \/><\/a><\/p>\n<p>(Cliqueu a la fotografia per veure la resta del recull fotogr\u00e0fic).<\/p>\n","protected":false},"excerpt":{"rendered":"<p>Hola fam\u00edlies,<br \/>\nCom ja sabeu el curs que ve comencem una nova etapa, estarem a cicle inicial fent primer de prim\u00e0ria. Per aquest motiu hem anat a veure com s\u00f3n les classes de primer i qu\u00e8 feien els infants que estaven all\u00e0. Ha estat una experi\u00e8ncia&hellip;  <a href=\"https:\/\/agora.xtec.cat\/ceipsab\/educacio-infantil\/p5\/visitem-les-classes-de-1er-p5\/\" title=\"Read Visitem les classes de 1er!!! P5\">Llegeix m\u00e9s\u00bb<\/a><\/p>\n","protected":false},"author":1,"featured_media":0,"comment_status":"open","ping_status":"closed","sticky":false,"template":"","format":"standard","meta":{"_bbp_topic_count":0,"_bbp_reply_count":0,"_bbp_total_topic_count":0,"_bbp_total_reply_count":0,"_bbp_voice_count":0,"_bbp_anonymous_reply_count":0,"_bbp_topic_count_hidden":0,"_bbp_reply_count_hidden":0,"_bbp_forum_subforum_count":0,"footnotes":""},"categories":[62,9],"tags":[],"class_list":["post-2854","post","type-post","status-publish","format-standard","hentry","category-educacio-infantil","category-p5"],"post_mailing_queue_ids":[],"_links":{"self":[{"href":"https:\/\/agora.xtec.cat\/ceipsab\/wp-json\/wp\/v2\/posts\/2854","targetHints":{"allow":["GET"]}}],"collection":[{"href":"https:\/\/agora.xtec.cat\/ceipsab\/wp-json\/wp\/v2\/posts"}],"about":[{"href":"https:\/\/agora.xtec.cat\/ceipsab\/wp-json\/wp\/v2\/types\/post"}],"author":[{"embeddable":true,"href":"https:\/\/agora.xtec.cat\/ceipsab\/wp-json\/wp\/v2\/users\/1"}],"replies":[{"embeddable":true,"href":"https:\/\/agora.xtec.cat\/ceipsab\/wp-json\/wp\/v2\/comments?post=2854"}],"version-history":[{"count":2,"href":"https:\/\/agora.xtec.cat\/ceipsab\/wp-json\/wp\/v2\/posts\/2854\/revisions"}],"predecessor-version":[{"id":2856,"href":"https:\/\/agora.xtec.cat\/ceipsab\/wp-json\/wp\/v2\/posts\/2854\/revisions\/2856"}],"wp:attachment":[{"href":"https:\/\/agora.xtec.cat\/ceipsab\/wp-json\/wp\/v2\/media?parent=2854"}],"wp:term":[{"taxonomy":"category","embeddable":true,"href":"https:\/\/agora.xtec.cat\/ceipsab\/wp-json\/wp\/v2\/categories?post=2854"},{"taxonomy":"post_tag","embeddable":true,"href":"https:\/\/agora.xtec.cat\/ceipsab\/wp-json\/wp\/v2\/tags?post=2854"}],"curies":[{"name":"wp","href":"https:\/\/api.w.org\/{rel}","templated":true}]}}