{"id":2849,"date":"2018-06-21T22:54:15","date_gmt":"2018-06-21T20:54:15","guid":{"rendered":"http:\/\/agora.xtec.cat\/ceipsab\/?p=2849"},"modified":"2018-06-21T22:54:15","modified_gmt":"2018-06-21T20:54:15","slug":"som-cuiners-p5-a","status":"publish","type":"post","link":"https:\/\/agora.xtec.cat\/ceipsab\/educacio-infantil\/p5\/som-cuiners-p5-a\/","title":{"rendered":"Som cuiners!! P5 A"},"content":{"rendered":"<p>Hola fam\u00edlies!<\/p>\n<p>La mare del Yulian ha vingut a la classe i ens ha ensenyat a fer broquetes de fruites. Hem passat un mat\u00ed de lo m\u00e9s divertit fent de cuiners. Moltes Gr\u00e0cies per la visita!!<\/p>\n<p>(Cliqueu a la fotografia per poder veure el recull fotogr\u00e0fic).<\/p>\n<p><a href=\"https:\/\/photos.app.goo.gl\/iQ91yGEayCquyivP6\"><img loading=\"lazy\" decoding=\"async\" class=\"\" src=\"https:\/\/lh3.googleusercontent.com\/m_R-JmYAJNNyp519pw7lc3Ue7Wz21wNw3xzOi3vlk78rqLHj8MFjrSFvvyyjTY6MqdvKk89YYqA1dLXlrT7O9F5p4jcIyyWsQ6ZgvVnxKhQUVXWqcYG2uf-piUFbKkDpTmTIF4nzEAFboKR5Ooe9Sddpab3r_PFGEPdF2r0sBot-J2myafcGr9gCp4lwPegvY9-s3cjWk0mdYM7Vfr2_z6METpgkdAbreuULb7uyiYAc08T6kf_A6iqvwOLMNAsEwUiJnjCIUpcZ1FvhrSXU8RKn2z05dP5GkTve4AF0IiBZeNJxihoC6yjGG2rr2-P2Ja21HziO30-cnBRmA2RrYEDE1_qQPsavSlf0ixm2E2qcZnscKFcScqoYRS3fJciIp_GTuu_Tyj2nEHhdfR9RIjFd8WY9cNa--duQg8oJpqWAkiLxK1yuTpWLflRhW3SGUmlT1Z6bBsNLI-EzHJDisDAFXERySoj-fXV44F13sUYVeDmf6Ckvl1ix8JZ3fHxNuz2khcoM-aiDguzF_jrlzB0FNE4TmlzzeVn20cFNiAnoPN3KYRChWeewsacPsC28L-UOhGISiZVzFVotWA9IZYGmT-3uZvxEYiHoz_8=w883-h662-no\" width=\"411\" height=\"308\" \/><\/a><\/p>\n","protected":false},"excerpt":{"rendered":"<p>Hola fam\u00edlies!<br \/>\nLa mare del Yulian ha vingut a la classe i ens ha ensenyat a fer broquetes de fruites. Hem passat un mat\u00ed de lo m\u00e9s divertit fent de cuiners. Moltes Gr\u00e0cies per la visita!!<br \/>\n(Cliqueu a la fotografia per poder veure el recull fotogr\u00e0fic).<br \/>\n<a href=\"https:\/\/photos.app.goo.gl\/iQ91yGEayCquyivP6\"><\/a><\/p>\n","protected":false},"author":1,"featured_media":0,"comment_status":"open","ping_status":"closed","sticky":false,"template":"","format":"standard","meta":{"_bbp_topic_count":0,"_bbp_reply_count":0,"_bbp_total_topic_count":0,"_bbp_total_reply_count":0,"_bbp_voice_count":0,"_bbp_anonymous_reply_count":0,"_bbp_topic_count_hidden":0,"_bbp_reply_count_hidden":0,"_bbp_forum_subforum_count":0,"footnotes":""},"categories":[62,9],"tags":[],"class_list":["post-2849","post","type-post","status-publish","format-standard","hentry","category-educacio-infantil","category-p5"],"post_mailing_queue_ids":[],"_links":{"self":[{"href":"https:\/\/agora.xtec.cat\/ceipsab\/wp-json\/wp\/v2\/posts\/2849","targetHints":{"allow":["GET"]}}],"collection":[{"href":"https:\/\/agora.xtec.cat\/ceipsab\/wp-json\/wp\/v2\/posts"}],"about":[{"href":"https:\/\/agora.xtec.cat\/ceipsab\/wp-json\/wp\/v2\/types\/post"}],"author":[{"embeddable":true,"href":"https:\/\/agora.xtec.cat\/ceipsab\/wp-json\/wp\/v2\/users\/1"}],"replies":[{"embeddable":true,"href":"https:\/\/agora.xtec.cat\/ceipsab\/wp-json\/wp\/v2\/comments?post=2849"}],"version-history":[{"count":2,"href":"https:\/\/agora.xtec.cat\/ceipsab\/wp-json\/wp\/v2\/posts\/2849\/revisions"}],"predecessor-version":[{"id":2851,"href":"https:\/\/agora.xtec.cat\/ceipsab\/wp-json\/wp\/v2\/posts\/2849\/revisions\/2851"}],"wp:attachment":[{"href":"https:\/\/agora.xtec.cat\/ceipsab\/wp-json\/wp\/v2\/media?parent=2849"}],"wp:term":[{"taxonomy":"category","embeddable":true,"href":"https:\/\/agora.xtec.cat\/ceipsab\/wp-json\/wp\/v2\/categories?post=2849"},{"taxonomy":"post_tag","embeddable":true,"href":"https:\/\/agora.xtec.cat\/ceipsab\/wp-json\/wp\/v2\/tags?post=2849"}],"curies":[{"name":"wp","href":"https:\/\/api.w.org\/{rel}","templated":true}]}}