{"id":2816,"date":"2018-06-08T16:49:27","date_gmt":"2018-06-08T14:49:27","guid":{"rendered":"http:\/\/agora.xtec.cat\/ceipsab\/?p=2816"},"modified":"2018-06-08T17:10:48","modified_gmt":"2018-06-08T15:10:48","slug":"anem-a-veure-el-pessebre-vivent-p5","status":"publish","type":"post","link":"https:\/\/agora.xtec.cat\/ceipsab\/educacio-infantil\/p5\/anem-a-veure-el-pessebre-vivent-p5\/","title":{"rendered":"Anem a veure el Pessebre Vivent! P5"},"content":{"rendered":"<p>Hola fam\u00edlies!<\/p>\n<p>Els nens i nenes de P5 hem anat a veure el pessebre vivient! Ha estat una experi\u00e8ncia molt divertida, ens ho hem passat d&#8217;all\u00f2 m\u00e9s b\u00e9!<\/p>\n<p><a href=\"https:\/\/photos.app.goo.gl\/KNGifZOFBFuET7gG2\"><img loading=\"lazy\" decoding=\"async\" class=\"alignleft\" src=\"https:\/\/lh3.googleusercontent.com\/GPTPyPdX-uLn1o4VXyNuvWdLgb-x83LPe5Jxyj9o8jrqT1YBy2IMse--80hhX8MVlLUWYeSiq_28cr_BBPmrmEh7NRROKzhGZiHC9PLZGMFoGE1pMMgsvCbcjXJ5zxninHxIeTcJV4Y-Dy4Kf3_EpiZGDTdAHadAzezdLkRFM7Ea-HygnxcydimCCa3Gv7WdVGB_OFE0Tc3GzeihUA95uvVaWlhh4398SXuXqnHXXoUsLVY2vMvx5BmPLNw9x2MNXy2Llvxo50xj3eSRVS_c9uTOLjFSVdfAE9l4rzcSqBByaTfzUIUiNgJD_ZWMfaRHqjZ0et4FMj3LVREm7xqTDY_VOj1mAHXYbVOyzrLhfnd0tz9vgW8cbYSBsj6xntZEJHPeSm2FvthL_P0M6Ln2PS73mb2B18GEi0oP4jPKyQ7dT4HAEMBiBIpbTh09Yhc3EkKhuD1Q5mOm-8AVWc8XjGPsOO75NZG1L-K2EMMPMmXKWPpCY9r84ECNt-cO5A34pWORw2VtaaNdx6zITGMEsd2-RDqi0YMav6BavhIOICMrAILF2d2DI8MHzUwX3WAjotgbXn8F20HstOUVtHdC4NFold6ajO8VwAJgG-g=w883-h662-no\" width=\"207\" height=\"155\" \/><\/a><\/p>\n<p>&nbsp;<\/p>\n<p>&nbsp;<\/p>\n<p>&nbsp;<\/p>\n<p>&nbsp;<\/p>\n<p>(Cliqueu a sobre de la fotografia per veure el recull fotogr\u00e0fic).<\/p>\n","protected":false},"excerpt":{"rendered":"<p>Hola fam\u00edlies!<br \/>\nEls nens i nenes de P5 hem anat a veure el pessebre vivient! Ha estat una experi\u00e8ncia molt divertida, ens ho hem passat d&#8217;all\u00f2 m\u00e9s b\u00e9!<br \/>\n<a href=\"https:\/\/photos.app.goo.gl\/KNGifZOFBFuET7gG2\"><\/a><br \/>\n&nbsp;<br \/>\n&nbsp;<br \/>\n&nbsp;<br \/>\n&nbsp;<br \/>\n(Cliqueu a sobre de la fotografia per veure el recull fotogr\u00e0fic).<\/p>\n","protected":false},"author":1,"featured_media":0,"comment_status":"open","ping_status":"closed","sticky":false,"template":"","format":"standard","meta":{"_bbp_topic_count":0,"_bbp_reply_count":0,"_bbp_total_topic_count":0,"_bbp_total_reply_count":0,"_bbp_voice_count":0,"_bbp_anonymous_reply_count":0,"_bbp_topic_count_hidden":0,"_bbp_reply_count_hidden":0,"_bbp_forum_subforum_count":0,"footnotes":""},"categories":[62,9],"tags":[],"class_list":["post-2816","post","type-post","status-publish","format-standard","hentry","category-educacio-infantil","category-p5"],"post_mailing_queue_ids":[],"_links":{"self":[{"href":"https:\/\/agora.xtec.cat\/ceipsab\/wp-json\/wp\/v2\/posts\/2816","targetHints":{"allow":["GET"]}}],"collection":[{"href":"https:\/\/agora.xtec.cat\/ceipsab\/wp-json\/wp\/v2\/posts"}],"about":[{"href":"https:\/\/agora.xtec.cat\/ceipsab\/wp-json\/wp\/v2\/types\/post"}],"author":[{"embeddable":true,"href":"https:\/\/agora.xtec.cat\/ceipsab\/wp-json\/wp\/v2\/users\/1"}],"replies":[{"embeddable":true,"href":"https:\/\/agora.xtec.cat\/ceipsab\/wp-json\/wp\/v2\/comments?post=2816"}],"version-history":[{"count":3,"href":"https:\/\/agora.xtec.cat\/ceipsab\/wp-json\/wp\/v2\/posts\/2816\/revisions"}],"predecessor-version":[{"id":2826,"href":"https:\/\/agora.xtec.cat\/ceipsab\/wp-json\/wp\/v2\/posts\/2816\/revisions\/2826"}],"wp:attachment":[{"href":"https:\/\/agora.xtec.cat\/ceipsab\/wp-json\/wp\/v2\/media?parent=2816"}],"wp:term":[{"taxonomy":"category","embeddable":true,"href":"https:\/\/agora.xtec.cat\/ceipsab\/wp-json\/wp\/v2\/categories?post=2816"},{"taxonomy":"post_tag","embeddable":true,"href":"https:\/\/agora.xtec.cat\/ceipsab\/wp-json\/wp\/v2\/tags?post=2816"}],"curies":[{"name":"wp","href":"https:\/\/api.w.org\/{rel}","templated":true}]}}