{"id":2800,"date":"2018-06-06T19:38:12","date_gmt":"2018-06-06T17:38:12","guid":{"rendered":"http:\/\/agora.xtec.cat\/ceipsab\/?p=2800"},"modified":"2018-07-11T10:53:55","modified_gmt":"2018-07-11T08:53:55","slug":"el-cicle-mitja-visita-el-canal-olimpic-de-catalunya","status":"publish","type":"post","link":"https:\/\/agora.xtec.cat\/ceipsab\/primaria\/el-cicle-mitja-visita-el-canal-olimpic-de-catalunya\/","title":{"rendered":"EL CICLE MITJ\u00c0 VISITA EL CANAL OL\u00cdMPIC DE CATALUNYA"},"content":{"rendered":"<p>El passat 1 de juny, les i els alumnes de 3r i 4t de prim\u00e0ria del nostre centre van anar-hi al Canal Ol\u00edmpic de Castelldefels per passar un dia tots plegats i gaudir de les fant\u00e0stiques instal\u00b7lacions i activitats plantejades.<\/p>\n<p>Mireu les fotos i gaudiu com ho varen fer ells i elles!<\/p>\n<p><a href=\"https:\/\/photos.app.goo.gl\/9tqpmX5HqjuO9V1T2\"><img loading=\"lazy\" decoding=\"async\" class=\"alignnone size-full wp-image-2801\" src=\"http:\/\/agora.xtec.cat\/ceipsab\/wp-content\/uploads\/usu1011\/2018\/06\/baixa.jpg\" alt=\"\" width=\"275\" height=\"183\" \/><\/a><\/p>\n","protected":false},"excerpt":{"rendered":"<p>El passat 1 de juny, les i els alumnes de 3r i 4t de prim\u00e0ria del nostre centre van anar-hi al Canal Ol\u00edmpic de Castelldefels per passar un dia tots plegats i gaudir de les fant\u00e0stiques instal\u00b7lacions i activitats plantejades.<br \/>\nMireu les fotos i gaudiu com&hellip;  <a href=\"https:\/\/agora.xtec.cat\/ceipsab\/primaria\/el-cicle-mitja-visita-el-canal-olimpic-de-catalunya\/\" title=\"Read EL CICLE MITJ\u00c0 VISITA EL CANAL OL\u00cdMPIC DE CATALUNYA\">Llegeix m\u00e9s\u00bb<\/a><\/p>\n","protected":false},"author":1,"featured_media":0,"comment_status":"open","ping_status":"closed","sticky":false,"template":"","format":"standard","meta":{"_bbp_topic_count":0,"_bbp_reply_count":0,"_bbp_total_topic_count":0,"_bbp_total_reply_count":0,"_bbp_voice_count":0,"_bbp_anonymous_reply_count":0,"_bbp_topic_count_hidden":0,"_bbp_reply_count_hidden":0,"_bbp_forum_subforum_count":0,"footnotes":""},"categories":[12,13,64,66,5],"tags":[139,104,114,140],"class_list":["post-2800","post","type-post","status-publish","format-standard","hentry","category-3r","category-4t","category-cicle-mitja","category-educacio-fisica","category-primaria","tag-canalolimpic","tag-ciclemitja","tag-escolasab","tag-sacabaelcurs"],"post_mailing_queue_ids":[],"_links":{"self":[{"href":"https:\/\/agora.xtec.cat\/ceipsab\/wp-json\/wp\/v2\/posts\/2800","targetHints":{"allow":["GET"]}}],"collection":[{"href":"https:\/\/agora.xtec.cat\/ceipsab\/wp-json\/wp\/v2\/posts"}],"about":[{"href":"https:\/\/agora.xtec.cat\/ceipsab\/wp-json\/wp\/v2\/types\/post"}],"author":[{"embeddable":true,"href":"https:\/\/agora.xtec.cat\/ceipsab\/wp-json\/wp\/v2\/users\/1"}],"replies":[{"embeddable":true,"href":"https:\/\/agora.xtec.cat\/ceipsab\/wp-json\/wp\/v2\/comments?post=2800"}],"version-history":[{"count":1,"href":"https:\/\/agora.xtec.cat\/ceipsab\/wp-json\/wp\/v2\/posts\/2800\/revisions"}],"predecessor-version":[{"id":2802,"href":"https:\/\/agora.xtec.cat\/ceipsab\/wp-json\/wp\/v2\/posts\/2800\/revisions\/2802"}],"wp:attachment":[{"href":"https:\/\/agora.xtec.cat\/ceipsab\/wp-json\/wp\/v2\/media?parent=2800"}],"wp:term":[{"taxonomy":"category","embeddable":true,"href":"https:\/\/agora.xtec.cat\/ceipsab\/wp-json\/wp\/v2\/categories?post=2800"},{"taxonomy":"post_tag","embeddable":true,"href":"https:\/\/agora.xtec.cat\/ceipsab\/wp-json\/wp\/v2\/tags?post=2800"}],"curies":[{"name":"wp","href":"https:\/\/api.w.org\/{rel}","templated":true}]}}