{"id":2786,"date":"2018-06-06T13:49:42","date_gmt":"2018-06-06T11:49:42","guid":{"rendered":"http:\/\/agora.xtec.cat\/ceipsab\/?p=2786"},"modified":"2018-06-06T13:49:49","modified_gmt":"2018-06-06T11:49:49","slug":"projecte-del-cel","status":"publish","type":"post","link":"https:\/\/agora.xtec.cat\/ceipsab\/educacio-infantil\/p4\/projecte-del-cel\/","title":{"rendered":"PROJECTE DEL CEL"},"content":{"rendered":"<p>En aquest segon projecte hem apr\u00e8s moltes coses interessants sobre el cel. Hem vist com \u00e9s el sol, la lluna, hem descobert de qu\u00e8 estan fets els n\u00favols i les estrelles. Ja sabem que degut al moviment de la terra i el sol es fa de dia i de nit. I que podem arribar a l&#8217;espai si ens convertim en austronautes.<\/p>\n<p>Ahhhh i un dia a la classe amb galetes Oreo, van veure les diferents formes de la lluna i al final\u00a0 ens la vam menjar, va ser molt\u00a0 divertit.<\/p>\n<p><a href=\"https:\/\/photos.app.goo.gl\/FZ7ihl4bRPXCBH8B2\"><img loading=\"lazy\" decoding=\"async\" class=\"aligncenter wp-image-2792 size-medium\" src=\"http:\/\/agora.xtec.cat\/ceipsab\/wp-content\/uploads\/usu1011\/2018\/06\/P1000378-1-300x225.jpg\" alt=\"\" width=\"300\" height=\"225\" srcset=\"https:\/\/agora.xtec.cat\/ceipsab\/wp-content\/uploads\/usu1011\/2018\/06\/P1000378-1-300x225.jpg 300w, https:\/\/agora.xtec.cat\/ceipsab\/wp-content\/uploads\/usu1011\/2018\/06\/P1000378-1-768x576.jpg 768w, https:\/\/agora.xtec.cat\/ceipsab\/wp-content\/uploads\/usu1011\/2018\/06\/P1000378-1-1024x768.jpg 1024w, https:\/\/agora.xtec.cat\/ceipsab\/wp-content\/uploads\/usu1011\/2018\/06\/P1000378-1-200x150.jpg 200w\" sizes=\"auto, (max-width: 300px) 100vw, 300px\" \/><\/a><\/p>\n","protected":false},"excerpt":{"rendered":"<p>En aquest segon projecte hem apr\u00e8s moltes coses interessants sobre el cel. Hem vist com \u00e9s el sol, la lluna, hem descobert de qu\u00e8 estan fets els n\u00favols i les estrelles. Ja sabem que degut al moviment de la terra i el sol es fa&hellip;  <a href=\"https:\/\/agora.xtec.cat\/ceipsab\/educacio-infantil\/p4\/projecte-del-cel\/\" title=\"Read PROJECTE DEL CEL\">Llegeix m\u00e9s\u00bb<\/a><\/p>\n","protected":false},"author":3,"featured_media":0,"comment_status":"open","ping_status":"closed","sticky":false,"template":"","format":"standard","meta":{"_bbp_topic_count":0,"_bbp_reply_count":0,"_bbp_total_topic_count":0,"_bbp_total_reply_count":0,"_bbp_voice_count":0,"_bbp_anonymous_reply_count":0,"_bbp_topic_count_hidden":0,"_bbp_reply_count_hidden":0,"_bbp_forum_subforum_count":0,"footnotes":""},"categories":[8],"tags":[],"class_list":["post-2786","post","type-post","status-publish","format-standard","hentry","category-p4"],"post_mailing_queue_ids":[],"_links":{"self":[{"href":"https:\/\/agora.xtec.cat\/ceipsab\/wp-json\/wp\/v2\/posts\/2786","targetHints":{"allow":["GET"]}}],"collection":[{"href":"https:\/\/agora.xtec.cat\/ceipsab\/wp-json\/wp\/v2\/posts"}],"about":[{"href":"https:\/\/agora.xtec.cat\/ceipsab\/wp-json\/wp\/v2\/types\/post"}],"author":[{"embeddable":true,"href":"https:\/\/agora.xtec.cat\/ceipsab\/wp-json\/wp\/v2\/users\/3"}],"replies":[{"embeddable":true,"href":"https:\/\/agora.xtec.cat\/ceipsab\/wp-json\/wp\/v2\/comments?post=2786"}],"version-history":[{"count":2,"href":"https:\/\/agora.xtec.cat\/ceipsab\/wp-json\/wp\/v2\/posts\/2786\/revisions"}],"predecessor-version":[{"id":2793,"href":"https:\/\/agora.xtec.cat\/ceipsab\/wp-json\/wp\/v2\/posts\/2786\/revisions\/2793"}],"wp:attachment":[{"href":"https:\/\/agora.xtec.cat\/ceipsab\/wp-json\/wp\/v2\/media?parent=2786"}],"wp:term":[{"taxonomy":"category","embeddable":true,"href":"https:\/\/agora.xtec.cat\/ceipsab\/wp-json\/wp\/v2\/categories?post=2786"},{"taxonomy":"post_tag","embeddable":true,"href":"https:\/\/agora.xtec.cat\/ceipsab\/wp-json\/wp\/v2\/tags?post=2786"}],"curies":[{"name":"wp","href":"https:\/\/api.w.org\/{rel}","templated":true}]}}