{"id":2703,"date":"2018-05-25T20:09:06","date_gmt":"2018-05-25T18:09:06","guid":{"rendered":"http:\/\/agora.xtec.cat\/ceipsab\/?p=2703"},"modified":"2018-05-25T20:09:06","modified_gmt":"2018-05-25T18:09:06","slug":"em-sento-be-amb-aquests-videos","status":"publish","type":"post","link":"https:\/\/agora.xtec.cat\/ceipsab\/portada\/em-sento-be-amb-aquests-videos\/","title":{"rendered":"EM SENTO B\u00c9&#8230; AMB AQUESTS V\u00cdDEOS!!!!!!"},"content":{"rendered":"<p>Els i les nostres alumnes han fet una feina extraordin\u00e0ria per fomentar els estils de vida saludables. Des de l&#8217;activitat f\u00edsica a la salut social, passant per l&#8217;alimentaci\u00f3. Amb aquests v\u00eddeos queda demostrat. Gaudiu!<\/p>\n<p><iframe loading=\"lazy\" title=\"SALUT, AMIC\" width=\"500\" height=\"281\" src=\"https:\/\/www.youtube.com\/embed\/zToXBdLJwJE?feature=oembed\" frameborder=\"0\" allow=\"accelerometer; autoplay; clipboard-write; encrypted-media; gyroscope; picture-in-picture; web-share\" referrerpolicy=\"strict-origin-when-cross-origin\" allowfullscreen><\/iframe><\/p>\n<p><iframe loading=\"lazy\" title=\"H\u00c0BITS SALUDABLES\" width=\"500\" height=\"281\" src=\"https:\/\/www.youtube.com\/embed\/u7vbsFbjp4o?feature=oembed\" frameborder=\"0\" allow=\"accelerometer; autoplay; clipboard-write; encrypted-media; gyroscope; picture-in-picture; web-share\" referrerpolicy=\"strict-origin-when-cross-origin\" allowfullscreen><\/iframe><\/p>\n<p><iframe loading=\"lazy\" title=\"BONA ALIMENTACI\u00d3\" width=\"500\" height=\"281\" src=\"https:\/\/www.youtube.com\/embed\/j35SleHEk1s?feature=oembed\" frameborder=\"0\" allow=\"accelerometer; autoplay; clipboard-write; encrypted-media; gyroscope; picture-in-picture; web-share\" referrerpolicy=\"strict-origin-when-cross-origin\" allowfullscreen><\/iframe><\/p>\n<p><iframe loading=\"lazy\" title=\"Germans saludables\" width=\"500\" height=\"281\" src=\"https:\/\/www.youtube.com\/embed\/I3NNf9aObx8?feature=oembed\" frameborder=\"0\" allow=\"accelerometer; autoplay; clipboard-write; encrypted-media; gyroscope; picture-in-picture; web-share\" referrerpolicy=\"strict-origin-when-cross-origin\" allowfullscreen><\/iframe><\/p>\n","protected":false},"excerpt":{"rendered":"<p>Els i les nostres alumnes han fet una feina extraordin\u00e0ria per fomentar els estils de vida saludables. Des de l&#8217;activitat f\u00edsica a la salut social, passant per l&#8217;alimentaci\u00f3. Amb aquests v\u00eddeos queda demostrat. Gaudiu!<\/p>\n","protected":false},"author":1,"featured_media":2704,"comment_status":"open","ping_status":"closed","sticky":false,"template":"","format":"standard","meta":{"_bbp_topic_count":0,"_bbp_reply_count":0,"_bbp_total_topic_count":0,"_bbp_total_reply_count":0,"_bbp_voice_count":0,"_bbp_anonymous_reply_count":0,"_bbp_topic_count_hidden":0,"_bbp_reply_count_hidden":0,"_bbp_forum_subforum_count":0,"footnotes":""},"categories":[13,64,4],"tags":[138,114,137,131],"class_list":["post-2703","post","type-post","status-publish","format-standard","has-post-thumbnail","hentry","category-4t","category-cicle-mitja","category-portada","tag-curtmetratges","tag-escolasab","tag-projectes","tag-salut"],"post_mailing_queue_ids":[],"_links":{"self":[{"href":"https:\/\/agora.xtec.cat\/ceipsab\/wp-json\/wp\/v2\/posts\/2703","targetHints":{"allow":["GET"]}}],"collection":[{"href":"https:\/\/agora.xtec.cat\/ceipsab\/wp-json\/wp\/v2\/posts"}],"about":[{"href":"https:\/\/agora.xtec.cat\/ceipsab\/wp-json\/wp\/v2\/types\/post"}],"author":[{"embeddable":true,"href":"https:\/\/agora.xtec.cat\/ceipsab\/wp-json\/wp\/v2\/users\/1"}],"replies":[{"embeddable":true,"href":"https:\/\/agora.xtec.cat\/ceipsab\/wp-json\/wp\/v2\/comments?post=2703"}],"version-history":[{"count":2,"href":"https:\/\/agora.xtec.cat\/ceipsab\/wp-json\/wp\/v2\/posts\/2703\/revisions"}],"predecessor-version":[{"id":2706,"href":"https:\/\/agora.xtec.cat\/ceipsab\/wp-json\/wp\/v2\/posts\/2703\/revisions\/2706"}],"wp:featuredmedia":[{"embeddable":true,"href":"https:\/\/agora.xtec.cat\/ceipsab\/wp-json\/wp\/v2\/media\/2704"}],"wp:attachment":[{"href":"https:\/\/agora.xtec.cat\/ceipsab\/wp-json\/wp\/v2\/media?parent=2703"}],"wp:term":[{"taxonomy":"category","embeddable":true,"href":"https:\/\/agora.xtec.cat\/ceipsab\/wp-json\/wp\/v2\/categories?post=2703"},{"taxonomy":"post_tag","embeddable":true,"href":"https:\/\/agora.xtec.cat\/ceipsab\/wp-json\/wp\/v2\/tags?post=2703"}],"curies":[{"name":"wp","href":"https:\/\/api.w.org\/{rel}","templated":true}]}}