{"id":2614,"date":"2018-05-08T16:07:33","date_gmt":"2018-05-08T14:07:33","guid":{"rendered":"http:\/\/agora.xtec.cat\/ceipsab\/?p=2614"},"modified":"2018-05-08T16:07:33","modified_gmt":"2018-05-08T14:07:33","slug":"educacio-fisica-al-carrer-2018","status":"publish","type":"post","link":"https:\/\/agora.xtec.cat\/ceipsab\/portada\/educacio-fisica-al-carrer-2018\/","title":{"rendered":"EDUCACI\u00d3 F\u00cdSICA AL CARRER 2018"},"content":{"rendered":"<p>Al seg\u00fcent enlla\u00e7 trobareu moltes de les instant\u00e0nies del dia de l&#8217;Educaci\u00f3 F\u00edsica al Carrer 2018 del nostre centre. Un dia per gaudir i per fer comunitat educativa.<\/p>\n<p>&nbsp;<\/p>\n<p><a href=\"https:\/\/photos.app.goo.gl\/FV2IBDpFPSxDJQBw1\"><img loading=\"lazy\" decoding=\"async\" class=\"alignnone size-large wp-image-2615\" src=\"http:\/\/agora.xtec.cat\/ceipsab\/wp-content\/uploads\/usu1011\/2018\/05\/coplefc-defc-redes-sociales-publicacion-1024x543.png\" alt=\"\" width=\"1024\" height=\"543\" srcset=\"https:\/\/agora.xtec.cat\/ceipsab\/wp-content\/uploads\/usu1011\/2018\/05\/coplefc-defc-redes-sociales-publicacion-1024x543.png 1024w, https:\/\/agora.xtec.cat\/ceipsab\/wp-content\/uploads\/usu1011\/2018\/05\/coplefc-defc-redes-sociales-publicacion-300x159.png 300w, https:\/\/agora.xtec.cat\/ceipsab\/wp-content\/uploads\/usu1011\/2018\/05\/coplefc-defc-redes-sociales-publicacion-768x407.png 768w\" sizes=\"auto, (max-width: 1024px) 100vw, 1024px\" \/><\/a><\/p>\n","protected":false},"excerpt":{"rendered":"<p>Al seg\u00fcent enlla\u00e7 trobareu moltes de les instant\u00e0nies del dia de l&#8217;Educaci\u00f3 F\u00edsica al Carrer 2018 del nostre centre. Un dia per gaudir i per fer comunitat educativa.<br \/>\n&nbsp;<br \/>\n<a href=\"https:\/\/photos.app.goo.gl\/FV2IBDpFPSxDJQBw1\"><\/a><\/p>\n","protected":false},"author":1,"featured_media":0,"comment_status":"open","ping_status":"closed","sticky":false,"template":"","format":"standard","meta":{"_bbp_topic_count":0,"_bbp_reply_count":0,"_bbp_total_topic_count":0,"_bbp_total_reply_count":0,"_bbp_voice_count":0,"_bbp_anonymous_reply_count":0,"_bbp_topic_count_hidden":0,"_bbp_reply_count_hidden":0,"_bbp_forum_subforum_count":0,"footnotes":""},"categories":[63,64,65,66,5,4],"tags":[114,132,133,131],"class_list":["post-2614","post","type-post","status-publish","format-standard","hentry","category-cicle-inicial","category-cicle-mitja","category-cicle-superior","category-educacio-fisica","category-primaria","category-portada","tag-escolasab","tag-esport","tag-femcole","tag-salut"],"post_mailing_queue_ids":[],"_links":{"self":[{"href":"https:\/\/agora.xtec.cat\/ceipsab\/wp-json\/wp\/v2\/posts\/2614","targetHints":{"allow":["GET"]}}],"collection":[{"href":"https:\/\/agora.xtec.cat\/ceipsab\/wp-json\/wp\/v2\/posts"}],"about":[{"href":"https:\/\/agora.xtec.cat\/ceipsab\/wp-json\/wp\/v2\/types\/post"}],"author":[{"embeddable":true,"href":"https:\/\/agora.xtec.cat\/ceipsab\/wp-json\/wp\/v2\/users\/1"}],"replies":[{"embeddable":true,"href":"https:\/\/agora.xtec.cat\/ceipsab\/wp-json\/wp\/v2\/comments?post=2614"}],"version-history":[{"count":1,"href":"https:\/\/agora.xtec.cat\/ceipsab\/wp-json\/wp\/v2\/posts\/2614\/revisions"}],"predecessor-version":[{"id":2616,"href":"https:\/\/agora.xtec.cat\/ceipsab\/wp-json\/wp\/v2\/posts\/2614\/revisions\/2616"}],"wp:attachment":[{"href":"https:\/\/agora.xtec.cat\/ceipsab\/wp-json\/wp\/v2\/media?parent=2614"}],"wp:term":[{"taxonomy":"category","embeddable":true,"href":"https:\/\/agora.xtec.cat\/ceipsab\/wp-json\/wp\/v2\/categories?post=2614"},{"taxonomy":"post_tag","embeddable":true,"href":"https:\/\/agora.xtec.cat\/ceipsab\/wp-json\/wp\/v2\/tags?post=2614"}],"curies":[{"name":"wp","href":"https:\/\/api.w.org\/{rel}","templated":true}]}}