{"id":2365,"date":"2018-03-07T21:15:45","date_gmt":"2018-03-07T20:15:45","guid":{"rendered":"http:\/\/agora.xtec.cat\/ceipsab\/?p=2365"},"modified":"2018-03-07T21:18:49","modified_gmt":"2018-03-07T20:18:49","slug":"tablets-a-lescola","status":"publish","type":"post","link":"https:\/\/agora.xtec.cat\/ceipsab\/educacio-infantil\/p3\/tablets-a-lescola\/","title":{"rendered":"TABLETS A L&#8217;ESCOLA"},"content":{"rendered":"<p>Hola fam\u00edlies!<\/p>\n<p>Com ja sabeu, gr\u00e0cies a la col\u00b7laboraci\u00f3 de l&#8217;AMPA, disposem de 26 tablets a l&#8217;escola. Els nens i nenes de P3 tamb\u00e9 tenim un espai destinat per a poder-les utilitzar i aprendre moltes coses. Mireu que b\u00e9 qu\u00e8 ens ho hem passat!<\/p>\n<p><a href=\"https:\/\/photos.app.goo.gl\/7tlPzaNt1lcuDNci1\"><img loading=\"lazy\" decoding=\"async\" class=\"alignnone wp-image-2366\" src=\"http:\/\/agora.xtec.cat\/ceipsab\/wp-content\/uploads\/usu1011\/2018\/03\/CIMG9963-1024x768.jpg\" alt=\"\" width=\"430\" height=\"323\" srcset=\"https:\/\/agora.xtec.cat\/ceipsab\/wp-content\/uploads\/usu1011\/2018\/03\/CIMG9963-1024x768.jpg 1024w, https:\/\/agora.xtec.cat\/ceipsab\/wp-content\/uploads\/usu1011\/2018\/03\/CIMG9963-300x225.jpg 300w, https:\/\/agora.xtec.cat\/ceipsab\/wp-content\/uploads\/usu1011\/2018\/03\/CIMG9963-768x576.jpg 768w, https:\/\/agora.xtec.cat\/ceipsab\/wp-content\/uploads\/usu1011\/2018\/03\/CIMG9963-200x150.jpg 200w\" sizes=\"auto, (max-width: 430px) 100vw, 430px\" \/><\/a><\/p>\n","protected":false},"excerpt":{"rendered":"<p>Hola fam\u00edlies!<br \/>\nCom ja sabeu, gr\u00e0cies a la col\u00b7laboraci\u00f3 de l&#8217;AMPA, disposem de 26 tablets a l&#8217;escola. Els nens i nenes de P3 tamb\u00e9 tenim un espai destinat per a poder-les utilitzar i aprendre moltes coses. Mireu que b\u00e9 qu\u00e8 ens ho hem passat!<br \/>\n<a href=\"https:\/\/photos.app.goo.gl\/7tlPzaNt1lcuDNci1\"><\/a><\/p>\n","protected":false},"author":1,"featured_media":0,"comment_status":"open","ping_status":"closed","sticky":false,"template":"","format":"standard","meta":{"_bbp_topic_count":0,"_bbp_reply_count":0,"_bbp_total_topic_count":0,"_bbp_total_reply_count":0,"_bbp_voice_count":0,"_bbp_anonymous_reply_count":0,"_bbp_topic_count_hidden":0,"_bbp_reply_count_hidden":0,"_bbp_forum_subforum_count":0,"footnotes":""},"categories":[62,3],"tags":[],"class_list":["post-2365","post","type-post","status-publish","format-standard","hentry","category-educacio-infantil","category-p3"],"post_mailing_queue_ids":[],"_links":{"self":[{"href":"https:\/\/agora.xtec.cat\/ceipsab\/wp-json\/wp\/v2\/posts\/2365","targetHints":{"allow":["GET"]}}],"collection":[{"href":"https:\/\/agora.xtec.cat\/ceipsab\/wp-json\/wp\/v2\/posts"}],"about":[{"href":"https:\/\/agora.xtec.cat\/ceipsab\/wp-json\/wp\/v2\/types\/post"}],"author":[{"embeddable":true,"href":"https:\/\/agora.xtec.cat\/ceipsab\/wp-json\/wp\/v2\/users\/1"}],"replies":[{"embeddable":true,"href":"https:\/\/agora.xtec.cat\/ceipsab\/wp-json\/wp\/v2\/comments?post=2365"}],"version-history":[{"count":1,"href":"https:\/\/agora.xtec.cat\/ceipsab\/wp-json\/wp\/v2\/posts\/2365\/revisions"}],"predecessor-version":[{"id":2367,"href":"https:\/\/agora.xtec.cat\/ceipsab\/wp-json\/wp\/v2\/posts\/2365\/revisions\/2367"}],"wp:attachment":[{"href":"https:\/\/agora.xtec.cat\/ceipsab\/wp-json\/wp\/v2\/media?parent=2365"}],"wp:term":[{"taxonomy":"category","embeddable":true,"href":"https:\/\/agora.xtec.cat\/ceipsab\/wp-json\/wp\/v2\/categories?post=2365"},{"taxonomy":"post_tag","embeddable":true,"href":"https:\/\/agora.xtec.cat\/ceipsab\/wp-json\/wp\/v2\/tags?post=2365"}],"curies":[{"name":"wp","href":"https:\/\/api.w.org\/{rel}","templated":true}]}}