{"id":2362,"date":"2018-03-07T21:12:40","date_gmt":"2018-03-07T20:12:40","guid":{"rendered":"http:\/\/agora.xtec.cat\/ceipsab\/?p=2362"},"modified":"2018-03-07T21:18:34","modified_gmt":"2018-03-07T20:18:34","slug":"autoretrat-joan-miro","status":"publish","type":"post","link":"https:\/\/agora.xtec.cat\/ceipsab\/educacio-infantil\/p3\/autoretrat-joan-miro\/","title":{"rendered":"AUTORETRAT JOAN MIR\u00d3"},"content":{"rendered":"<p>Hola fam\u00edlies!<\/p>\n<p>A partir d&#8217;aquest trimestre, els nens i nenes de P3 aprendrem moltes coses sobre l&#8217;escultor i pintor catal\u00e0 Joan Mir\u00f3! A poc a poc anirem aprenent moltes coses sobre la seva obra: els colors, les formes, la t\u00e8cnica&#8230;.<\/p>\n<p>Avui hem comen\u00e7at reprodu\u00efnt un dels seus quadres m\u00e9s coneguts: L&#8217;autoretrat! Ens han quedat preciosos!<\/p>\n<p><em>(Cliqueu a la imatge per veure m\u00e9s fotografies)<\/em><\/p>\n<p><a href=\"https:\/\/photos.app.goo.gl\/NFxx3jOUMjY7AKyr1\"><img loading=\"lazy\" decoding=\"async\" class=\"alignnone wp-image-2363\" src=\"http:\/\/agora.xtec.cat\/ceipsab\/wp-content\/uploads\/usu1011\/2018\/03\/CIMG9639-1024x768.jpg\" alt=\"\" width=\"407\" height=\"305\" srcset=\"https:\/\/agora.xtec.cat\/ceipsab\/wp-content\/uploads\/usu1011\/2018\/03\/CIMG9639-1024x768.jpg 1024w, https:\/\/agora.xtec.cat\/ceipsab\/wp-content\/uploads\/usu1011\/2018\/03\/CIMG9639-300x225.jpg 300w, https:\/\/agora.xtec.cat\/ceipsab\/wp-content\/uploads\/usu1011\/2018\/03\/CIMG9639-768x576.jpg 768w, https:\/\/agora.xtec.cat\/ceipsab\/wp-content\/uploads\/usu1011\/2018\/03\/CIMG9639-200x150.jpg 200w\" sizes=\"auto, (max-width: 407px) 100vw, 407px\" \/><\/a><\/p>\n","protected":false},"excerpt":{"rendered":"<p>Hola fam\u00edlies!<br \/>\nA partir d&#8217;aquest trimestre, els nens i nenes de P3 aprendrem moltes coses sobre l&#8217;escultor i pintor catal\u00e0 Joan Mir\u00f3! A poc a poc anirem aprenent moltes coses sobre la seva obra: els colors, les formes, la t\u00e8cnica&#8230;.<br \/>\nAvui hem comen\u00e7at reprodu\u00efnt un dels seus&hellip;  <a href=\"https:\/\/agora.xtec.cat\/ceipsab\/educacio-infantil\/p3\/autoretrat-joan-miro\/\" title=\"Read AUTORETRAT JOAN MIR\u00d3\">Llegeix m\u00e9s\u00bb<\/a><\/p>\n","protected":false},"author":1,"featured_media":0,"comment_status":"open","ping_status":"closed","sticky":false,"template":"","format":"standard","meta":{"_bbp_topic_count":0,"_bbp_reply_count":0,"_bbp_total_topic_count":0,"_bbp_total_reply_count":0,"_bbp_voice_count":0,"_bbp_anonymous_reply_count":0,"_bbp_topic_count_hidden":0,"_bbp_reply_count_hidden":0,"_bbp_forum_subforum_count":0,"footnotes":""},"categories":[62,3],"tags":[],"class_list":["post-2362","post","type-post","status-publish","format-standard","hentry","category-educacio-infantil","category-p3"],"post_mailing_queue_ids":[],"_links":{"self":[{"href":"https:\/\/agora.xtec.cat\/ceipsab\/wp-json\/wp\/v2\/posts\/2362","targetHints":{"allow":["GET"]}}],"collection":[{"href":"https:\/\/agora.xtec.cat\/ceipsab\/wp-json\/wp\/v2\/posts"}],"about":[{"href":"https:\/\/agora.xtec.cat\/ceipsab\/wp-json\/wp\/v2\/types\/post"}],"author":[{"embeddable":true,"href":"https:\/\/agora.xtec.cat\/ceipsab\/wp-json\/wp\/v2\/users\/1"}],"replies":[{"embeddable":true,"href":"https:\/\/agora.xtec.cat\/ceipsab\/wp-json\/wp\/v2\/comments?post=2362"}],"version-history":[{"count":1,"href":"https:\/\/agora.xtec.cat\/ceipsab\/wp-json\/wp\/v2\/posts\/2362\/revisions"}],"predecessor-version":[{"id":2364,"href":"https:\/\/agora.xtec.cat\/ceipsab\/wp-json\/wp\/v2\/posts\/2362\/revisions\/2364"}],"wp:attachment":[{"href":"https:\/\/agora.xtec.cat\/ceipsab\/wp-json\/wp\/v2\/media?parent=2362"}],"wp:term":[{"taxonomy":"category","embeddable":true,"href":"https:\/\/agora.xtec.cat\/ceipsab\/wp-json\/wp\/v2\/categories?post=2362"},{"taxonomy":"post_tag","embeddable":true,"href":"https:\/\/agora.xtec.cat\/ceipsab\/wp-json\/wp\/v2\/tags?post=2362"}],"curies":[{"name":"wp","href":"https:\/\/api.w.org\/{rel}","templated":true}]}}