{"id":2289,"date":"2018-02-26T10:06:45","date_gmt":"2018-02-26T09:06:45","guid":{"rendered":"http:\/\/agora.xtec.cat\/ceipsab\/?p=2289"},"modified":"2018-02-26T10:07:34","modified_gmt":"2018-02-26T09:07:34","slug":"pablo-ruiz-picasso","status":"publish","type":"post","link":"https:\/\/agora.xtec.cat\/ceipsab\/educacio-infantil\/p4\/pablo-ruiz-picasso\/","title":{"rendered":"PABLO RUIZ PICASSO"},"content":{"rendered":"<p>Aquest trimestre treballarem l&#8217;artista Pablo Ruiz Picasso.<\/p>\n<p>Hem comen\u00e7at per la \u00e8poca blava en la que estava molt trist i tot el que pinava reflexava el seu estat d&#8217;\u00e0nim.<\/p>\n<p><a href=\"https:\/\/photos.app.goo.gl\/1y7fPfw2Kf6RE2SI3\" target=\"_blank\" rel=\"noopener noreferrer\"><img loading=\"lazy\" decoding=\"async\" class=\"aligncenter wp-image-2290 size-medium\" src=\"http:\/\/agora.xtec.cat\/ceipsab\/wp-content\/uploads\/usu1011\/2018\/02\/P1000763-300x225.jpg\" alt=\"\" width=\"300\" height=\"225\" srcset=\"https:\/\/agora.xtec.cat\/ceipsab\/wp-content\/uploads\/usu1011\/2018\/02\/P1000763-300x225.jpg 300w, https:\/\/agora.xtec.cat\/ceipsab\/wp-content\/uploads\/usu1011\/2018\/02\/P1000763-768x576.jpg 768w, https:\/\/agora.xtec.cat\/ceipsab\/wp-content\/uploads\/usu1011\/2018\/02\/P1000763-1024x768.jpg 1024w, https:\/\/agora.xtec.cat\/ceipsab\/wp-content\/uploads\/usu1011\/2018\/02\/P1000763-200x150.jpg 200w\" sizes=\"auto, (max-width: 300px) 100vw, 300px\" \/><\/a><\/p>\n<p><iframe loading=\"lazy\" style=\"border: 1px solid #CCC; border-width: 1px; margin-bottom: 5px; max-width: 100%;\" src=\"\/\/www.slideshare.net\/slideshow\/embed_code\/key\/IIWKkkr60MwYQK\" width=\"595\" height=\"485\" frameborder=\"0\" marginwidth=\"0\" marginheight=\"0\" scrolling=\"no\" allowfullscreen=\"allowfullscreen\"> <\/iframe><\/p>\n<div style=\"margin-bottom: 5px;\"><strong> <a title=\"PABLO PICASSO\" href=\"\/\/www.slideshare.net\/escolasantandreudelabarca\/pablo-picasso-11192188\" target=\"_blank\" rel=\"noopener noreferrer\">PABLO PICASSO<\/a> <\/strong> de <strong><a href=\"\/\/www.slideshare.net\/escolasantandreudelabarca\" target=\"_blank\" rel=\"noopener noreferrer\">escolasantandreudelabarca<\/a><\/strong><\/div>\n","protected":false},"excerpt":{"rendered":"<p>Aquest trimestre treballarem l&#8217;artista Pablo Ruiz Picasso.<br \/>\nHem comen\u00e7at per la \u00e8poca blava en la que estava molt trist i tot el que pinava reflexava el seu estat d&#8217;\u00e0nim.<br \/>\n<a href=\"https:\/\/photos.app.goo.gl\/1y7fPfw2Kf6RE2SI3\" target=\"_blank\" rel=\"noopener noreferrer\"><\/a><\/p>\n<p> <a title=\"PABLO PICASSO\" href=\"\/\/www.slideshare.net\/escolasantandreudelabarca\/pablo-picasso-11192188\" target=\"_blank\" rel=\"noopener noreferrer\">PABLO PICASSO<\/a>  de <a href=\"\/\/www.slideshare.net\/escolasantandreudelabarca\"&hellip;  <a href=\"https:\/\/agora.xtec.cat\/ceipsab\/educacio-infantil\/p4\/pablo-ruiz-picasso\/\" title=\"Read PABLO RUIZ PICASSO\">Llegeix m\u00e9s\u00bb<\/a><\/p>\n","protected":false},"author":3,"featured_media":0,"comment_status":"open","ping_status":"closed","sticky":false,"template":"","format":"standard","meta":{"_bbp_topic_count":0,"_bbp_reply_count":0,"_bbp_total_topic_count":0,"_bbp_total_reply_count":0,"_bbp_voice_count":0,"_bbp_anonymous_reply_count":0,"_bbp_topic_count_hidden":0,"_bbp_reply_count_hidden":0,"_bbp_forum_subforum_count":0,"footnotes":""},"categories":[8],"tags":[],"class_list":["post-2289","post","type-post","status-publish","format-standard","hentry","category-p4"],"post_mailing_queue_ids":[],"_links":{"self":[{"href":"https:\/\/agora.xtec.cat\/ceipsab\/wp-json\/wp\/v2\/posts\/2289","targetHints":{"allow":["GET"]}}],"collection":[{"href":"https:\/\/agora.xtec.cat\/ceipsab\/wp-json\/wp\/v2\/posts"}],"about":[{"href":"https:\/\/agora.xtec.cat\/ceipsab\/wp-json\/wp\/v2\/types\/post"}],"author":[{"embeddable":true,"href":"https:\/\/agora.xtec.cat\/ceipsab\/wp-json\/wp\/v2\/users\/3"}],"replies":[{"embeddable":true,"href":"https:\/\/agora.xtec.cat\/ceipsab\/wp-json\/wp\/v2\/comments?post=2289"}],"version-history":[{"count":2,"href":"https:\/\/agora.xtec.cat\/ceipsab\/wp-json\/wp\/v2\/posts\/2289\/revisions"}],"predecessor-version":[{"id":2292,"href":"https:\/\/agora.xtec.cat\/ceipsab\/wp-json\/wp\/v2\/posts\/2289\/revisions\/2292"}],"wp:attachment":[{"href":"https:\/\/agora.xtec.cat\/ceipsab\/wp-json\/wp\/v2\/media?parent=2289"}],"wp:term":[{"taxonomy":"category","embeddable":true,"href":"https:\/\/agora.xtec.cat\/ceipsab\/wp-json\/wp\/v2\/categories?post=2289"},{"taxonomy":"post_tag","embeddable":true,"href":"https:\/\/agora.xtec.cat\/ceipsab\/wp-json\/wp\/v2\/tags?post=2289"}],"curies":[{"name":"wp","href":"https:\/\/api.w.org\/{rel}","templated":true}]}}