{"id":2059,"date":"2017-12-20T17:20:18","date_gmt":"2017-12-20T16:20:18","guid":{"rendered":"http:\/\/agora.xtec.cat\/ceipsab\/?p=2059"},"modified":"2017-12-22T07:24:00","modified_gmt":"2017-12-22T06:24:00","slug":"racons-p5","status":"publish","type":"post","link":"https:\/\/agora.xtec.cat\/ceipsab\/educacio-infantil\/p5\/racons-p5\/","title":{"rendered":"RACONS P5"},"content":{"rendered":"<p>Dos cops a la setmana els nens i nenes de P5 fem racons de treball.<\/p>\n<p>Cadasc\u00fa escull el rac\u00f3 que vol fer (sempre tenint en compte un n\u00famero m\u00e0xim d&#8217;alumnes per rac\u00f3), i en total en fem 10!<\/p>\n<p>En aquest espai \u00e9s pret\u00e9n treballar i anar consolidant conceptes i\/o habilitats concretes.<\/p>\n<p>Us deixem una mostra del que fem!<\/p>\n<p>(Cliqueu a sobre la imatge per a veure altres fotografies) <a href=\"https:\/\/photos.app.goo.gl\/ZlRiltiKTWGLPcW62\"><img loading=\"lazy\" decoding=\"async\" class=\"alignnone size-large wp-image-2060\" src=\"http:\/\/agora.xtec.cat\/ceipsab\/wp-content\/uploads\/usu1011\/2017\/12\/P5_ACTIVITATS-RACONS-5-1024x768.jpg\" alt=\"\" width=\"1024\" height=\"768\" srcset=\"https:\/\/agora.xtec.cat\/ceipsab\/wp-content\/uploads\/usu1011\/2017\/12\/P5_ACTIVITATS-RACONS-5-1024x768.jpg 1024w, https:\/\/agora.xtec.cat\/ceipsab\/wp-content\/uploads\/usu1011\/2017\/12\/P5_ACTIVITATS-RACONS-5-300x225.jpg 300w, https:\/\/agora.xtec.cat\/ceipsab\/wp-content\/uploads\/usu1011\/2017\/12\/P5_ACTIVITATS-RACONS-5-768x576.jpg 768w, https:\/\/agora.xtec.cat\/ceipsab\/wp-content\/uploads\/usu1011\/2017\/12\/P5_ACTIVITATS-RACONS-5-200x150.jpg 200w, https:\/\/agora.xtec.cat\/ceipsab\/wp-content\/uploads\/usu1011\/2017\/12\/P5_ACTIVITATS-RACONS-5.jpg 1600w\" sizes=\"auto, (max-width: 1024px) 100vw, 1024px\" \/><\/a><\/p>\n<p>&nbsp;<\/p>\n<p>&nbsp;<\/p>\n","protected":false},"excerpt":{"rendered":"<p>Dos cops a la setmana els nens i nenes de P5 fem racons de treball.<br \/>\nCadasc\u00fa escull el rac\u00f3 que vol fer (sempre tenint en compte un n\u00famero m\u00e0xim d&#8217;alumnes per rac\u00f3), i en total en fem 10!<br \/>\nEn aquest espai \u00e9s pret\u00e9n treballar i anar consolidant&hellip;  <a href=\"https:\/\/agora.xtec.cat\/ceipsab\/educacio-infantil\/p5\/racons-p5\/\" title=\"Read RACONS P5\">Llegeix m\u00e9s\u00bb<\/a><\/p>\n","protected":false},"author":1,"featured_media":0,"comment_status":"open","ping_status":"closed","sticky":false,"template":"","format":"standard","meta":{"_bbp_topic_count":0,"_bbp_reply_count":0,"_bbp_total_topic_count":0,"_bbp_total_reply_count":0,"_bbp_voice_count":0,"_bbp_anonymous_reply_count":0,"_bbp_topic_count_hidden":0,"_bbp_reply_count_hidden":0,"_bbp_forum_subforum_count":0,"footnotes":""},"categories":[62,9],"tags":[117],"class_list":["post-2059","post","type-post","status-publish","format-standard","hentry","category-educacio-infantil","category-p5","tag-racons"],"post_mailing_queue_ids":[],"_links":{"self":[{"href":"https:\/\/agora.xtec.cat\/ceipsab\/wp-json\/wp\/v2\/posts\/2059","targetHints":{"allow":["GET"]}}],"collection":[{"href":"https:\/\/agora.xtec.cat\/ceipsab\/wp-json\/wp\/v2\/posts"}],"about":[{"href":"https:\/\/agora.xtec.cat\/ceipsab\/wp-json\/wp\/v2\/types\/post"}],"author":[{"embeddable":true,"href":"https:\/\/agora.xtec.cat\/ceipsab\/wp-json\/wp\/v2\/users\/1"}],"replies":[{"embeddable":true,"href":"https:\/\/agora.xtec.cat\/ceipsab\/wp-json\/wp\/v2\/comments?post=2059"}],"version-history":[{"count":2,"href":"https:\/\/agora.xtec.cat\/ceipsab\/wp-json\/wp\/v2\/posts\/2059\/revisions"}],"predecessor-version":[{"id":2095,"href":"https:\/\/agora.xtec.cat\/ceipsab\/wp-json\/wp\/v2\/posts\/2059\/revisions\/2095"}],"wp:attachment":[{"href":"https:\/\/agora.xtec.cat\/ceipsab\/wp-json\/wp\/v2\/media?parent=2059"}],"wp:term":[{"taxonomy":"category","embeddable":true,"href":"https:\/\/agora.xtec.cat\/ceipsab\/wp-json\/wp\/v2\/categories?post=2059"},{"taxonomy":"post_tag","embeddable":true,"href":"https:\/\/agora.xtec.cat\/ceipsab\/wp-json\/wp\/v2\/tags?post=2059"}],"curies":[{"name":"wp","href":"https:\/\/api.w.org\/{rel}","templated":true}]}}