{"id":1796,"date":"2017-10-31T12:39:40","date_gmt":"2017-10-31T11:39:40","guid":{"rendered":"http:\/\/agora.xtec.cat\/ceipsab\/?p=1796"},"modified":"2017-11-06T15:56:42","modified_gmt":"2017-11-06T14:56:42","slug":"la-castanyada","status":"publish","type":"post","link":"https:\/\/agora.xtec.cat\/ceipsab\/portada\/la-castanyada\/","title":{"rendered":"LA CASTANYADA"},"content":{"rendered":"<p>Ha arribat la CASTANYERA!!!.<\/p>\n<p>Ens ha portat castanyes bon\u00edssimes. Li hem cartat una can\u00e7oneta i despr\u00e9s hem anat al pati a ballar.<\/p>\n<p>Ens ho hem passat pipa!!!<\/p>\n<p><a href=\"http:\/\/www.edu365.cat\/primaria\/contes\/contes_spc\/casta\/index.htm\"><img loading=\"lazy\" decoding=\"async\" class=\"wp-image-1797 aligncenter\" src=\"http:\/\/agora.xtec.cat\/ceipsab\/wp-content\/uploads\/usu1011\/2017\/10\/hqdefault.jpg\" alt=\"\" width=\"353\" height=\"265\" srcset=\"https:\/\/agora.xtec.cat\/ceipsab\/wp-content\/uploads\/usu1011\/2017\/10\/hqdefault.jpg 480w, https:\/\/agora.xtec.cat\/ceipsab\/wp-content\/uploads\/usu1011\/2017\/10\/hqdefault-300x225.jpg 300w, https:\/\/agora.xtec.cat\/ceipsab\/wp-content\/uploads\/usu1011\/2017\/10\/hqdefault-200x150.jpg 200w\" sizes=\"auto, (max-width: 353px) 100vw, 353px\" \/><\/a><\/p>\n<p><iframe loading=\"lazy\" title=\"MOV03B\" width=\"500\" height=\"281\" src=\"https:\/\/www.youtube.com\/embed\/ytHL1CImNWQ?feature=oembed\" frameborder=\"0\" allow=\"accelerometer; autoplay; clipboard-write; encrypted-media; gyroscope; picture-in-picture; web-share\" referrerpolicy=\"strict-origin-when-cross-origin\" allowfullscreen><\/iframe><\/p>\n<p>&nbsp;<\/p>\n","protected":false},"excerpt":{"rendered":"<p>Ha arribat la CASTANYERA!!!.<br \/>\nEns ha portat castanyes bon\u00edssimes. Li hem cartat una can\u00e7oneta i despr\u00e9s hem anat al pati a ballar.<br \/>\nEns ho hem passat pipa!!!<br \/>\n<a href=\"http:\/\/www.edu365.cat\/primaria\/contes\/contes_spc\/casta\/index.htm\"><\/a><\/p>\n<p>&nbsp;<\/p>\n","protected":false},"author":3,"featured_media":0,"comment_status":"open","ping_status":"closed","sticky":false,"template":"","format":"standard","meta":{"_bbp_topic_count":0,"_bbp_reply_count":0,"_bbp_total_topic_count":0,"_bbp_total_reply_count":0,"_bbp_voice_count":0,"_bbp_anonymous_reply_count":0,"_bbp_topic_count_hidden":0,"_bbp_reply_count_hidden":0,"_bbp_forum_subforum_count":0,"footnotes":""},"categories":[62,4],"tags":[90],"class_list":["post-1796","post","type-post","status-publish","format-standard","hentry","category-educacio-infantil","category-portada","tag-festes"],"post_mailing_queue_ids":[],"_links":{"self":[{"href":"https:\/\/agora.xtec.cat\/ceipsab\/wp-json\/wp\/v2\/posts\/1796","targetHints":{"allow":["GET"]}}],"collection":[{"href":"https:\/\/agora.xtec.cat\/ceipsab\/wp-json\/wp\/v2\/posts"}],"about":[{"href":"https:\/\/agora.xtec.cat\/ceipsab\/wp-json\/wp\/v2\/types\/post"}],"author":[{"embeddable":true,"href":"https:\/\/agora.xtec.cat\/ceipsab\/wp-json\/wp\/v2\/users\/3"}],"replies":[{"embeddable":true,"href":"https:\/\/agora.xtec.cat\/ceipsab\/wp-json\/wp\/v2\/comments?post=1796"}],"version-history":[{"count":3,"href":"https:\/\/agora.xtec.cat\/ceipsab\/wp-json\/wp\/v2\/posts\/1796\/revisions"}],"predecessor-version":[{"id":1818,"href":"https:\/\/agora.xtec.cat\/ceipsab\/wp-json\/wp\/v2\/posts\/1796\/revisions\/1818"}],"wp:attachment":[{"href":"https:\/\/agora.xtec.cat\/ceipsab\/wp-json\/wp\/v2\/media?parent=1796"}],"wp:term":[{"taxonomy":"category","embeddable":true,"href":"https:\/\/agora.xtec.cat\/ceipsab\/wp-json\/wp\/v2\/categories?post=1796"},{"taxonomy":"post_tag","embeddable":true,"href":"https:\/\/agora.xtec.cat\/ceipsab\/wp-json\/wp\/v2\/tags?post=1796"}],"curies":[{"name":"wp","href":"https:\/\/api.w.org\/{rel}","templated":true}]}}