{"id":1641,"date":"2017-07-24T18:44:38","date_gmt":"2017-07-24T16:44:38","guid":{"rendered":"http:\/\/agora.xtec.cat\/ceipsab\/?p=1641"},"modified":"2017-07-24T18:44:51","modified_gmt":"2017-07-24T16:44:51","slug":"p5-sortida-al-park-guell","status":"publish","type":"post","link":"https:\/\/agora.xtec.cat\/ceipsab\/educacio-infantil\/p5\/p5-sortida-al-park-guell\/","title":{"rendered":"P5: SORTIDA AL PARK G\u00dcELL"},"content":{"rendered":"<p>Hola fam\u00edlies!<\/p>\n<p>El passat dijous 25 de maig els nens i nenes de P5 vam anar d&#8217;excursi\u00f3 al Park G\u00fcell!<\/p>\n<p>Quan vam arribar al parc ens vam posar a esmorzar i de seguida vam rebre la visita del Sr. Recasens, un dels deixebles de Gaud\u00ed, que ens va explicar alguns secrets.<\/p>\n<p>Durant tot el dia vam estar visitant els diferents espais del parc; la sargantana de trencad\u00eds, els bancs, les columnes, les cases&#8230;..\u00a0 Va ser preci\u00f3s!<\/p>\n<p>Tamb\u00e9 vam fer dues activitats: una de trencad\u00eds amb rajoles i una petita obra de teatre on nosaltres \u00e9rem els protagonistes i represent\u00e0vem els diferents elements que feia servir Gaud\u00ed.<\/p>\n<p>Ens ho vam passar d&#8217;all\u00f3 m\u00e9s b\u00e9!<\/p>\n<p><a href=\"https:\/\/goo.gl\/photos\/Dh1qfzMvTMUr7uXq8\"><img loading=\"lazy\" decoding=\"async\" class=\"wp-image-1642 aligncenter\" src=\"http:\/\/agora.xtec.cat\/ceipsab\/wp-content\/uploads\/usu1011\/2017\/07\/CIMG8710-1024x768-1024x768.jpg\" alt=\"\" width=\"295\" height=\"221\" srcset=\"https:\/\/agora.xtec.cat\/ceipsab\/wp-content\/uploads\/usu1011\/2017\/07\/CIMG8710-1024x768.jpg 1024w, https:\/\/agora.xtec.cat\/ceipsab\/wp-content\/uploads\/usu1011\/2017\/07\/CIMG8710-1024x768-300x225.jpg 300w, https:\/\/agora.xtec.cat\/ceipsab\/wp-content\/uploads\/usu1011\/2017\/07\/CIMG8710-1024x768-768x576.jpg 768w, https:\/\/agora.xtec.cat\/ceipsab\/wp-content\/uploads\/usu1011\/2017\/07\/CIMG8710-1024x768-200x150.jpg 200w\" sizes=\"auto, (max-width: 295px) 100vw, 295px\" \/><\/a><\/p>\n","protected":false},"excerpt":{"rendered":"<p>Hola fam\u00edlies!<br \/>\nEl passat dijous 25 de maig els nens i nenes de P5 vam anar d&#8217;excursi\u00f3 al Park G\u00fcell!<br \/>\nQuan vam arribar al parc ens vam posar a esmorzar i de seguida vam rebre la visita del Sr. Recasens, un dels deixebles de Gaud\u00ed, que ens&hellip;  <a href=\"https:\/\/agora.xtec.cat\/ceipsab\/educacio-infantil\/p5\/p5-sortida-al-park-guell\/\" title=\"Read P5: SORTIDA AL PARK G\u00dcELL\">Llegeix m\u00e9s\u00bb<\/a><\/p>\n","protected":false},"author":3,"featured_media":0,"comment_status":"open","ping_status":"closed","sticky":false,"template":"","format":"standard","meta":{"_bbp_topic_count":0,"_bbp_reply_count":0,"_bbp_total_topic_count":0,"_bbp_total_reply_count":0,"_bbp_voice_count":0,"_bbp_anonymous_reply_count":0,"_bbp_topic_count_hidden":0,"_bbp_reply_count_hidden":0,"_bbp_forum_subforum_count":0,"footnotes":""},"categories":[9],"tags":[],"class_list":["post-1641","post","type-post","status-publish","format-standard","hentry","category-p5"],"post_mailing_queue_ids":[],"_links":{"self":[{"href":"https:\/\/agora.xtec.cat\/ceipsab\/wp-json\/wp\/v2\/posts\/1641","targetHints":{"allow":["GET"]}}],"collection":[{"href":"https:\/\/agora.xtec.cat\/ceipsab\/wp-json\/wp\/v2\/posts"}],"about":[{"href":"https:\/\/agora.xtec.cat\/ceipsab\/wp-json\/wp\/v2\/types\/post"}],"author":[{"embeddable":true,"href":"https:\/\/agora.xtec.cat\/ceipsab\/wp-json\/wp\/v2\/users\/3"}],"replies":[{"embeddable":true,"href":"https:\/\/agora.xtec.cat\/ceipsab\/wp-json\/wp\/v2\/comments?post=1641"}],"version-history":[{"count":1,"href":"https:\/\/agora.xtec.cat\/ceipsab\/wp-json\/wp\/v2\/posts\/1641\/revisions"}],"predecessor-version":[{"id":1643,"href":"https:\/\/agora.xtec.cat\/ceipsab\/wp-json\/wp\/v2\/posts\/1641\/revisions\/1643"}],"wp:attachment":[{"href":"https:\/\/agora.xtec.cat\/ceipsab\/wp-json\/wp\/v2\/media?parent=1641"}],"wp:term":[{"taxonomy":"category","embeddable":true,"href":"https:\/\/agora.xtec.cat\/ceipsab\/wp-json\/wp\/v2\/categories?post=1641"},{"taxonomy":"post_tag","embeddable":true,"href":"https:\/\/agora.xtec.cat\/ceipsab\/wp-json\/wp\/v2\/tags?post=1641"}],"curies":[{"name":"wp","href":"https:\/\/api.w.org\/{rel}","templated":true}]}}