{"id":1636,"date":"2017-07-24T18:40:15","date_gmt":"2017-07-24T16:40:15","guid":{"rendered":"http:\/\/agora.xtec.cat\/ceipsab\/?p=1636"},"modified":"2017-07-24T18:40:27","modified_gmt":"2017-07-24T16:40:27","slug":"p5-visita-a-la-biblioteca-de-sant-andreu","status":"publish","type":"post","link":"https:\/\/agora.xtec.cat\/ceipsab\/educacio-infantil\/p5\/p5-visita-a-la-biblioteca-de-sant-andreu\/","title":{"rendered":"P5: VISITA A LA BIBLIOTECA DE SANT ANDREU"},"content":{"rendered":"<p>Hola fam\u00edlies!<\/p>\n<p>El passat divendres 19 de maig els nens i nenes de P5 vam anar a visitar la biblioteca del poble.<\/p>\n<p>All\u00e0 vam veure els diferents espais de la biblioteca i vam con\u00e9ixer una mica la seva organitzaci\u00f3. Despr\u00e9s vam estar llegint contes i fins i tot ens en vam poder emportar un de pr\u00e9stec a l&#8217;escola.<\/p>\n<p>Va ser molt interessant!<\/p>\n<p><a href=\"https:\/\/goo.gl\/photos\/rtpM61oPKxywsGfj8\"><img loading=\"lazy\" decoding=\"async\" class=\"wp-image-1637 aligncenter\" src=\"http:\/\/agora.xtec.cat\/ceipsab\/wp-content\/uploads\/usu1011\/2017\/07\/CIMG8434-1024x768-1024x768.jpg\" alt=\"\" width=\"326\" height=\"244\" srcset=\"https:\/\/agora.xtec.cat\/ceipsab\/wp-content\/uploads\/usu1011\/2017\/07\/CIMG8434-1024x768.jpg 1024w, https:\/\/agora.xtec.cat\/ceipsab\/wp-content\/uploads\/usu1011\/2017\/07\/CIMG8434-1024x768-300x225.jpg 300w, https:\/\/agora.xtec.cat\/ceipsab\/wp-content\/uploads\/usu1011\/2017\/07\/CIMG8434-1024x768-768x576.jpg 768w, https:\/\/agora.xtec.cat\/ceipsab\/wp-content\/uploads\/usu1011\/2017\/07\/CIMG8434-1024x768-200x150.jpg 200w\" sizes=\"auto, (max-width: 326px) 100vw, 326px\" \/><\/a><\/p>\n","protected":false},"excerpt":{"rendered":"<p>Hola fam\u00edlies!<br \/>\nEl passat divendres 19 de maig els nens i nenes de P5 vam anar a visitar la biblioteca del poble.<br \/>\nAll\u00e0 vam veure els diferents espais de la biblioteca i vam con\u00e9ixer una mica la seva organitzaci\u00f3. Despr\u00e9s vam estar llegint contes i fins i&hellip;  <a href=\"https:\/\/agora.xtec.cat\/ceipsab\/educacio-infantil\/p5\/p5-visita-a-la-biblioteca-de-sant-andreu\/\" title=\"Read P5: VISITA A LA BIBLIOTECA DE SANT ANDREU\">Llegeix m\u00e9s\u00bb<\/a><\/p>\n","protected":false},"author":3,"featured_media":0,"comment_status":"open","ping_status":"closed","sticky":false,"template":"","format":"standard","meta":{"_bbp_topic_count":0,"_bbp_reply_count":0,"_bbp_total_topic_count":0,"_bbp_total_reply_count":0,"_bbp_voice_count":0,"_bbp_anonymous_reply_count":0,"_bbp_topic_count_hidden":0,"_bbp_reply_count_hidden":0,"_bbp_forum_subforum_count":0,"footnotes":""},"categories":[9],"tags":[],"class_list":["post-1636","post","type-post","status-publish","format-standard","hentry","category-p5"],"post_mailing_queue_ids":[],"_links":{"self":[{"href":"https:\/\/agora.xtec.cat\/ceipsab\/wp-json\/wp\/v2\/posts\/1636","targetHints":{"allow":["GET"]}}],"collection":[{"href":"https:\/\/agora.xtec.cat\/ceipsab\/wp-json\/wp\/v2\/posts"}],"about":[{"href":"https:\/\/agora.xtec.cat\/ceipsab\/wp-json\/wp\/v2\/types\/post"}],"author":[{"embeddable":true,"href":"https:\/\/agora.xtec.cat\/ceipsab\/wp-json\/wp\/v2\/users\/3"}],"replies":[{"embeddable":true,"href":"https:\/\/agora.xtec.cat\/ceipsab\/wp-json\/wp\/v2\/comments?post=1636"}],"version-history":[{"count":1,"href":"https:\/\/agora.xtec.cat\/ceipsab\/wp-json\/wp\/v2\/posts\/1636\/revisions"}],"predecessor-version":[{"id":1638,"href":"https:\/\/agora.xtec.cat\/ceipsab\/wp-json\/wp\/v2\/posts\/1636\/revisions\/1638"}],"wp:attachment":[{"href":"https:\/\/agora.xtec.cat\/ceipsab\/wp-json\/wp\/v2\/media?parent=1636"}],"wp:term":[{"taxonomy":"category","embeddable":true,"href":"https:\/\/agora.xtec.cat\/ceipsab\/wp-json\/wp\/v2\/categories?post=1636"},{"taxonomy":"post_tag","embeddable":true,"href":"https:\/\/agora.xtec.cat\/ceipsab\/wp-json\/wp\/v2\/tags?post=1636"}],"curies":[{"name":"wp","href":"https:\/\/api.w.org\/{rel}","templated":true}]}}