{"id":1409,"date":"2017-04-07T15:44:34","date_gmt":"2017-04-07T13:44:34","guid":{"rendered":"http:\/\/agora.xtec.cat\/ceipsab\/?p=1409"},"modified":"2017-04-19T11:41:46","modified_gmt":"2017-04-19T09:41:46","slug":"congres-de-ciencies-curs-2016-2017","status":"publish","type":"post","link":"https:\/\/agora.xtec.cat\/ceipsab\/portada\/congres-de-ciencies-curs-2016-2017\/","title":{"rendered":"CONGR\u00c8S DE CI\u00c8NCIES CURS 2016-2017"},"content":{"rendered":"<p>El passat 8 de mar\u00e7, els alumnes de cinqu\u00e8 de l\u2019escola van participar en el 4t congr\u00e9s de ci\u00e8ncies del Baix Llobregat que es va celebrar al Centre cultural de Martorell.<\/p>\n<p>Aquest projecte , relacionat amb el reciclatge, portava el t\u00edtol \u201c NO M\u2019EMBOLIQUIS &#8230; AMB L\u2019ALUMINI\u201d i es va realitzar de manera interdisciplinaria a totes les \u00e0rees amb la col.laboraci\u00f3 de tots els mestres que treballen amb els nois i noies de cinqu\u00e8.<\/p>\n<p>La nostra participaci\u00f3 al congr\u00e9s va resultar un \u00e8xit.<\/p>\n<p>Volem agrair l\u2019esfor\u00e7, la dedicaci\u00f3 i la implicaci\u00f3 de tots els alumnes de cinqu\u00e8 perqu\u00e8 ho van fer molt b\u00e9.<\/p>\n<figure class=\"figure wp-caption aligncenter\"><a href=\"https:\/\/goo.gl\/photos\/Ko379mhh3U3kvh6S6\"><img loading=\"lazy\" decoding=\"async\" class=\"wp-image-1410\" src=\"http:\/\/agora.xtec.cat\/ceipsab\/wp-content\/uploads\/usu1011\/2017\/04\/1-5.jpg\" alt=\"1\" width=\"338\" height=\"190\" srcset=\"https:\/\/agora.xtec.cat\/ceipsab\/wp-content\/uploads\/usu1011\/2017\/04\/1-5.jpg 466w, https:\/\/agora.xtec.cat\/ceipsab\/wp-content\/uploads\/usu1011\/2017\/04\/1-5-300x169.jpg 300w\" sizes=\"auto, (max-width: 338px) 100vw, 338px\" \/><\/a><figcaption class=\"wp-caption-text\">CLICA A LA FOTO<\/figcaption><\/figure>\n<p>&nbsp;<\/p>\n<p>SORTIDA PONT DEL DIABLE<\/p>\n<p>Per completar\u00a0 el dia vam aprofitar que est\u00e0vem a Martorell i vam anar al Pont del Diable, on vam fer tallers i jocs sobre el m\u00f3n rom\u00e0.\u00a0 Vam aprendre molt i ens ho vam passar molt b\u00e9. Va ser un dia fant\u00e0stic!<\/p>\n<figure class=\"figure wp-caption aligncenter\"><a href=\"https:\/\/goo.gl\/photos\/JPUVgi7Yc2C34dNp6\"><img loading=\"lazy\" decoding=\"async\" class=\"wp-image-1414\" src=\"http:\/\/agora.xtec.cat\/ceipsab\/wp-content\/uploads\/usu1011\/2017\/04\/1-6.jpg\" alt=\"1\" width=\"302\" height=\"170\" srcset=\"https:\/\/agora.xtec.cat\/ceipsab\/wp-content\/uploads\/usu1011\/2017\/04\/1-6.jpg 400w, https:\/\/agora.xtec.cat\/ceipsab\/wp-content\/uploads\/usu1011\/2017\/04\/1-6-300x169.jpg 300w\" sizes=\"auto, (max-width: 302px) 100vw, 302px\" \/><\/a><figcaption class=\"wp-caption-text\">CLICA A LA FOTO<\/figcaption><\/figure>\n<p><span style=\"border-radius: 2px; text-indent: 20px; width: auto; padding: 0px 4px 0px 0px; text-align: center; font: bold 11px\/20px 'Helvetica Neue',Helvetica,sans-serif; color: #ffffff; background: #bd081c  no-repeat scroll 3px 50% \/ 14px 14px; position: absolute; opacity: 1; z-index: 8675309; display: none; cursor: pointer; top: 810px; left: 101px;\">Guardar<\/span><\/p>\n","protected":false},"excerpt":{"rendered":"<p>El passat 8 de mar\u00e7, els alumnes de cinqu\u00e8 de l\u2019escola van participar en el 4t congr\u00e9s de ci\u00e8ncies del Baix Llobregat que es va celebrar al Centre cultural de Martorell.<br \/>\nAquest projecte , relacionat amb el reciclatge, portava el t\u00edtol \u201c NO M\u2019EMBOLIQUIS &#8230; AMB&hellip;  <a href=\"https:\/\/agora.xtec.cat\/ceipsab\/portada\/congres-de-ciencies-curs-2016-2017\/\" title=\"Read CONGR\u00c8S DE CI\u00c8NCIES CURS 2016-2017\">Llegeix m\u00e9s\u00bb<\/a><\/p>\n","protected":false},"author":3,"featured_media":1410,"comment_status":"open","ping_status":"open","sticky":false,"template":"","format":"standard","meta":{"_bbp_topic_count":0,"_bbp_reply_count":0,"_bbp_total_topic_count":0,"_bbp_total_reply_count":0,"_bbp_voice_count":0,"_bbp_anonymous_reply_count":0,"_bbp_topic_count_hidden":0,"_bbp_reply_count_hidden":0,"_bbp_forum_subforum_count":0,"footnotes":""},"categories":[4],"tags":[],"class_list":["post-1409","post","type-post","status-publish","format-standard","has-post-thumbnail","hentry","category-portada"],"post_mailing_queue_ids":[],"_links":{"self":[{"href":"https:\/\/agora.xtec.cat\/ceipsab\/wp-json\/wp\/v2\/posts\/1409","targetHints":{"allow":["GET"]}}],"collection":[{"href":"https:\/\/agora.xtec.cat\/ceipsab\/wp-json\/wp\/v2\/posts"}],"about":[{"href":"https:\/\/agora.xtec.cat\/ceipsab\/wp-json\/wp\/v2\/types\/post"}],"author":[{"embeddable":true,"href":"https:\/\/agora.xtec.cat\/ceipsab\/wp-json\/wp\/v2\/users\/3"}],"replies":[{"embeddable":true,"href":"https:\/\/agora.xtec.cat\/ceipsab\/wp-json\/wp\/v2\/comments?post=1409"}],"version-history":[{"count":3,"href":"https:\/\/agora.xtec.cat\/ceipsab\/wp-json\/wp\/v2\/posts\/1409\/revisions"}],"predecessor-version":[{"id":1441,"href":"https:\/\/agora.xtec.cat\/ceipsab\/wp-json\/wp\/v2\/posts\/1409\/revisions\/1441"}],"wp:featuredmedia":[{"embeddable":true,"href":"https:\/\/agora.xtec.cat\/ceipsab\/wp-json\/wp\/v2\/media\/1410"}],"wp:attachment":[{"href":"https:\/\/agora.xtec.cat\/ceipsab\/wp-json\/wp\/v2\/media?parent=1409"}],"wp:term":[{"taxonomy":"category","embeddable":true,"href":"https:\/\/agora.xtec.cat\/ceipsab\/wp-json\/wp\/v2\/categories?post=1409"},{"taxonomy":"post_tag","embeddable":true,"href":"https:\/\/agora.xtec.cat\/ceipsab\/wp-json\/wp\/v2\/tags?post=1409"}],"curies":[{"name":"wp","href":"https:\/\/api.w.org\/{rel}","templated":true}]}}