{"id":12474,"date":"2026-04-24T12:51:13","date_gmt":"2026-04-24T10:51:13","guid":{"rendered":"https:\/\/agora.xtec.cat\/ceipsab\/?p=12474"},"modified":"2026-04-24T12:51:13","modified_gmt":"2026-04-24T10:51:13","slug":"sant-jordi-2026","status":"publish","type":"post","link":"https:\/\/agora.xtec.cat\/ceipsab\/portada\/sant-jordi-2026\/","title":{"rendered":"Sant Jordi 2026"},"content":{"rendered":"<p data-path-to-node=\"3\">Aquest Sant Jordi vam viure una gran diada de Sant Jordi amb l&#8217;entrega de premis literaris, on vam poder comprovar que tenim uns artistes a les aules. Enhorabona a tots els guanyadors i guanyadores!<\/p>\n<p data-path-to-node=\"4\">Volem agrair especialment la col\u00b7laboraci\u00f3 de l\u2019AFA, que ens va donar un cop de m\u00e0 imprescindible: primer, amb la seva dif\u00edcil tasca com a part del jurat i, despr\u00e9s, animant la festa amb la paradeta de llibres.<\/p>\n<p data-path-to-node=\"4\"><a href=\"https:\/\/photos.app.goo.gl\/rjpuURYBJQ8oYozt6\" target=\"_blank\" rel=\"noopener\"><img loading=\"lazy\" decoding=\"async\" class=\"aligncenter wp-image-12475\" src=\"https:\/\/agora.xtec.cat\/ceipsab\/wp-content\/uploads\/usu1011\/2026\/04\/20260423_152552-1-scaled.jpg\" alt=\"\" width=\"613\" height=\"345\" srcset=\"https:\/\/agora.xtec.cat\/ceipsab\/wp-content\/uploads\/usu1011\/2026\/04\/20260423_152552-1-scaled.jpg 2560w, https:\/\/agora.xtec.cat\/ceipsab\/wp-content\/uploads\/usu1011\/2026\/04\/20260423_152552-1-300x169.jpg 300w, https:\/\/agora.xtec.cat\/ceipsab\/wp-content\/uploads\/usu1011\/2026\/04\/20260423_152552-1-1024x576.jpg 1024w, https:\/\/agora.xtec.cat\/ceipsab\/wp-content\/uploads\/usu1011\/2026\/04\/20260423_152552-1-768x432.jpg 768w, https:\/\/agora.xtec.cat\/ceipsab\/wp-content\/uploads\/usu1011\/2026\/04\/20260423_152552-1-1536x864.jpg 1536w, https:\/\/agora.xtec.cat\/ceipsab\/wp-content\/uploads\/usu1011\/2026\/04\/20260423_152552-1-2048x1153.jpg 2048w\" sizes=\"auto, (max-width: 613px) 100vw, 613px\" \/><\/a><\/p>\n","protected":false},"excerpt":{"rendered":"<p>Aquest Sant Jordi vam viure una gran diada de Sant Jordi amb l&#8217;entrega de premis literaris, on vam poder comprovar que tenim uns artistes a les aules. Enhorabona a tots els guanyadors i guanyadores!<br \/>\nVolem agrair especialment la col\u00b7laboraci\u00f3 de l\u2019AFA, que ens va donar un&hellip;  <a href=\"https:\/\/agora.xtec.cat\/ceipsab\/portada\/sant-jordi-2026\/\" title=\"Read Sant Jordi 2026\">Llegeix m\u00e9s\u00bb<\/a><\/p>\n","protected":false},"author":3,"featured_media":12475,"comment_status":"open","ping_status":"open","sticky":false,"template":"","format":"standard","meta":{"_bbp_topic_count":0,"_bbp_reply_count":0,"_bbp_total_topic_count":0,"_bbp_total_reply_count":0,"_bbp_voice_count":0,"_bbp_anonymous_reply_count":0,"_bbp_topic_count_hidden":0,"_bbp_reply_count_hidden":0,"_bbp_forum_subforum_count":0,"footnotes":""},"categories":[4],"tags":[223],"class_list":["post-12474","post","type-post","status-publish","format-standard","has-post-thumbnail","hentry","category-portada","tag-santjordi"],"post_mailing_queue_ids":[],"_links":{"self":[{"href":"https:\/\/agora.xtec.cat\/ceipsab\/wp-json\/wp\/v2\/posts\/12474","targetHints":{"allow":["GET"]}}],"collection":[{"href":"https:\/\/agora.xtec.cat\/ceipsab\/wp-json\/wp\/v2\/posts"}],"about":[{"href":"https:\/\/agora.xtec.cat\/ceipsab\/wp-json\/wp\/v2\/types\/post"}],"author":[{"embeddable":true,"href":"https:\/\/agora.xtec.cat\/ceipsab\/wp-json\/wp\/v2\/users\/3"}],"replies":[{"embeddable":true,"href":"https:\/\/agora.xtec.cat\/ceipsab\/wp-json\/wp\/v2\/comments?post=12474"}],"version-history":[{"count":1,"href":"https:\/\/agora.xtec.cat\/ceipsab\/wp-json\/wp\/v2\/posts\/12474\/revisions"}],"predecessor-version":[{"id":12476,"href":"https:\/\/agora.xtec.cat\/ceipsab\/wp-json\/wp\/v2\/posts\/12474\/revisions\/12476"}],"wp:featuredmedia":[{"embeddable":true,"href":"https:\/\/agora.xtec.cat\/ceipsab\/wp-json\/wp\/v2\/media\/12475"}],"wp:attachment":[{"href":"https:\/\/agora.xtec.cat\/ceipsab\/wp-json\/wp\/v2\/media?parent=12474"}],"wp:term":[{"taxonomy":"category","embeddable":true,"href":"https:\/\/agora.xtec.cat\/ceipsab\/wp-json\/wp\/v2\/categories?post=12474"},{"taxonomy":"post_tag","embeddable":true,"href":"https:\/\/agora.xtec.cat\/ceipsab\/wp-json\/wp\/v2\/tags?post=12474"}],"curies":[{"name":"wp","href":"https:\/\/api.w.org\/{rel}","templated":true}]}}