{"id":12460,"date":"2026-04-01T11:52:08","date_gmt":"2026-04-01T09:52:08","guid":{"rendered":"https:\/\/agora.xtec.cat\/ceipsab\/?p=12460"},"modified":"2026-04-01T11:52:08","modified_gmt":"2026-04-01T09:52:08","slug":"tallers-amb-els-castellers-de-ladroc-2026","status":"publish","type":"post","link":"https:\/\/agora.xtec.cat\/ceipsab\/portada\/tallers-amb-els-castellers-de-ladroc-2026\/","title":{"rendered":"TALLERS AMB ELS CASTELLERS DE L&#8217;ADROC 2026"},"content":{"rendered":"<p data-path-to-node=\"5\">En nom de l\u2019equip docent i de tot l\u2019alumnat de 1r i 3r de prim\u00e0ria de l&#8217;escola, us volem fer arribar el nostre agra\u00efment per la vostra visita i per la realitzaci\u00f3 dels tallers castellers que van tenir lloc el passat 19 de mar\u00e7. Ha estat una experi\u00e8ncia enriquidora i engrescadora per a tots nosaltres.<\/p>\n<p data-path-to-node=\"5\">Gr\u00e0cies a la vostra paci\u00e8ncia i passi\u00f3.<\/p>\n<p data-path-to-node=\"5\"><a href=\"https:\/\/photos.app.goo.gl\/Q5P1cDA71ANmAAFk9\" target=\"_blank\" rel=\"noopener\"><img loading=\"lazy\" decoding=\"async\" class=\"aligncenter wp-image-12461 size-full\" src=\"https:\/\/agora.xtec.cat\/ceipsab\/wp-content\/uploads\/usu1011\/2026\/04\/IMG_20260319_122924-1-scaled.jpg\" alt=\"\" width=\"2560\" height=\"1920\" srcset=\"https:\/\/agora.xtec.cat\/ceipsab\/wp-content\/uploads\/usu1011\/2026\/04\/IMG_20260319_122924-1-scaled.jpg 2560w, https:\/\/agora.xtec.cat\/ceipsab\/wp-content\/uploads\/usu1011\/2026\/04\/IMG_20260319_122924-1-300x225.jpg 300w, https:\/\/agora.xtec.cat\/ceipsab\/wp-content\/uploads\/usu1011\/2026\/04\/IMG_20260319_122924-1-1024x768.jpg 1024w, https:\/\/agora.xtec.cat\/ceipsab\/wp-content\/uploads\/usu1011\/2026\/04\/IMG_20260319_122924-1-768x576.jpg 768w, https:\/\/agora.xtec.cat\/ceipsab\/wp-content\/uploads\/usu1011\/2026\/04\/IMG_20260319_122924-1-1536x1152.jpg 1536w, https:\/\/agora.xtec.cat\/ceipsab\/wp-content\/uploads\/usu1011\/2026\/04\/IMG_20260319_122924-1-2048x1536.jpg 2048w, https:\/\/agora.xtec.cat\/ceipsab\/wp-content\/uploads\/usu1011\/2026\/04\/IMG_20260319_122924-1-200x150.jpg 200w\" sizes=\"auto, (max-width: 2560px) 100vw, 2560px\" \/><\/a><\/p>\n","protected":false},"excerpt":{"rendered":"<p>En nom de l\u2019equip docent i de tot l\u2019alumnat de 1r i 3r de prim\u00e0ria de l&#8217;escola, us volem fer arribar el nostre agra\u00efment per la vostra visita i per la realitzaci\u00f3 dels tallers castellers que van tenir lloc el passat 19 de mar\u00e7. Ha&hellip;  <a href=\"https:\/\/agora.xtec.cat\/ceipsab\/portada\/tallers-amb-els-castellers-de-ladroc-2026\/\" title=\"Read TALLERS AMB ELS CASTELLERS DE L&#8217;ADROC 2026\">Llegeix m\u00e9s\u00bb<\/a><\/p>\n","protected":false},"author":3,"featured_media":12461,"comment_status":"open","ping_status":"open","sticky":false,"template":"","format":"standard","meta":{"_bbp_topic_count":0,"_bbp_reply_count":0,"_bbp_total_topic_count":0,"_bbp_total_reply_count":0,"_bbp_voice_count":0,"_bbp_anonymous_reply_count":0,"_bbp_topic_count_hidden":0,"_bbp_reply_count_hidden":0,"_bbp_forum_subforum_count":0,"footnotes":""},"categories":[10,4],"tags":[452],"class_list":["post-12460","post","type-post","status-publish","format-standard","has-post-thumbnail","hentry","category-1r","category-portada","tag-castellersadroc"],"post_mailing_queue_ids":[],"_links":{"self":[{"href":"https:\/\/agora.xtec.cat\/ceipsab\/wp-json\/wp\/v2\/posts\/12460","targetHints":{"allow":["GET"]}}],"collection":[{"href":"https:\/\/agora.xtec.cat\/ceipsab\/wp-json\/wp\/v2\/posts"}],"about":[{"href":"https:\/\/agora.xtec.cat\/ceipsab\/wp-json\/wp\/v2\/types\/post"}],"author":[{"embeddable":true,"href":"https:\/\/agora.xtec.cat\/ceipsab\/wp-json\/wp\/v2\/users\/3"}],"replies":[{"embeddable":true,"href":"https:\/\/agora.xtec.cat\/ceipsab\/wp-json\/wp\/v2\/comments?post=12460"}],"version-history":[{"count":3,"href":"https:\/\/agora.xtec.cat\/ceipsab\/wp-json\/wp\/v2\/posts\/12460\/revisions"}],"predecessor-version":[{"id":12464,"href":"https:\/\/agora.xtec.cat\/ceipsab\/wp-json\/wp\/v2\/posts\/12460\/revisions\/12464"}],"wp:featuredmedia":[{"embeddable":true,"href":"https:\/\/agora.xtec.cat\/ceipsab\/wp-json\/wp\/v2\/media\/12461"}],"wp:attachment":[{"href":"https:\/\/agora.xtec.cat\/ceipsab\/wp-json\/wp\/v2\/media?parent=12460"}],"wp:term":[{"taxonomy":"category","embeddable":true,"href":"https:\/\/agora.xtec.cat\/ceipsab\/wp-json\/wp\/v2\/categories?post=12460"},{"taxonomy":"post_tag","embeddable":true,"href":"https:\/\/agora.xtec.cat\/ceipsab\/wp-json\/wp\/v2\/tags?post=12460"}],"curies":[{"name":"wp","href":"https:\/\/api.w.org\/{rel}","templated":true}]}}