{"id":12385,"date":"2026-02-11T13:32:20","date_gmt":"2026-02-11T12:32:20","guid":{"rendered":"https:\/\/agora.xtec.cat\/ceipsab\/?p=12385"},"modified":"2026-02-11T13:36:17","modified_gmt":"2026-02-11T12:36:17","slug":"cursa-solidaria","status":"publish","type":"post","link":"https:\/\/agora.xtec.cat\/ceipsab\/portada\/cursa-solidaria\/","title":{"rendered":"CURSA SOLIDARIA"},"content":{"rendered":"<p>Moltes gr\u00e0cies a tots per fer possible la nostra cursa solid\u00e0ria. Va ser una jornada emocionant en qu\u00e8 va participar tota l&#8217;escola. Gr\u00e0cies a la implicaci\u00f3 de tota la comunitat educativa, hem aconseguit recaptar <b data-path-to-node=\"2,0\" data-index-in-node=\"213\">745 \u20ac<\/b> que aniran destinats \u00edntegrament a <b data-path-to-node=\"2,0\" data-index-in-node=\"254\">Save the Children<\/b>.<a href=\"https:\/\/agora.xtec.cat\/ceipsab\/wp-content\/uploads\/usu1011\/2026\/02\/Cursa-solidaria_page-0001.jpg\"><img loading=\"lazy\" decoding=\"async\" class=\"aligncenter wp-image-12386\" src=\"https:\/\/agora.xtec.cat\/ceipsab\/wp-content\/uploads\/usu1011\/2026\/02\/Cursa-solidaria_page-0001.jpg\" alt=\"\" width=\"399\" height=\"565\" srcset=\"https:\/\/agora.xtec.cat\/ceipsab\/wp-content\/uploads\/usu1011\/2026\/02\/Cursa-solidaria_page-0001.jpg 1240w, https:\/\/agora.xtec.cat\/ceipsab\/wp-content\/uploads\/usu1011\/2026\/02\/Cursa-solidaria_page-0001-212x300.jpg 212w, https:\/\/agora.xtec.cat\/ceipsab\/wp-content\/uploads\/usu1011\/2026\/02\/Cursa-solidaria_page-0001-724x1024.jpg 724w, https:\/\/agora.xtec.cat\/ceipsab\/wp-content\/uploads\/usu1011\/2026\/02\/Cursa-solidaria_page-0001-768x1086.jpg 768w, https:\/\/agora.xtec.cat\/ceipsab\/wp-content\/uploads\/usu1011\/2026\/02\/Cursa-solidaria_page-0001-1086x1536.jpg 1086w\" sizes=\"auto, (max-width: 399px) 100vw, 399px\" \/><img loading=\"lazy\" decoding=\"async\" class=\"aligncenter wp-image-12388\" src=\"https:\/\/agora.xtec.cat\/ceipsab\/wp-content\/uploads\/usu1011\/2026\/02\/WhatsApp-Image-2026-02-11-at-13.33.41.jpeg\" alt=\"\" width=\"774\" height=\"581\" srcset=\"https:\/\/agora.xtec.cat\/ceipsab\/wp-content\/uploads\/usu1011\/2026\/02\/WhatsApp-Image-2026-02-11-at-13.33.41.jpeg 1600w, https:\/\/agora.xtec.cat\/ceipsab\/wp-content\/uploads\/usu1011\/2026\/02\/WhatsApp-Image-2026-02-11-at-13.33.41-300x225.jpeg 300w, https:\/\/agora.xtec.cat\/ceipsab\/wp-content\/uploads\/usu1011\/2026\/02\/WhatsApp-Image-2026-02-11-at-13.33.41-1024x768.jpeg 1024w, https:\/\/agora.xtec.cat\/ceipsab\/wp-content\/uploads\/usu1011\/2026\/02\/WhatsApp-Image-2026-02-11-at-13.33.41-768x576.jpeg 768w, https:\/\/agora.xtec.cat\/ceipsab\/wp-content\/uploads\/usu1011\/2026\/02\/WhatsApp-Image-2026-02-11-at-13.33.41-1536x1152.jpeg 1536w, https:\/\/agora.xtec.cat\/ceipsab\/wp-content\/uploads\/usu1011\/2026\/02\/WhatsApp-Image-2026-02-11-at-13.33.41-200x150.jpeg 200w\" sizes=\"auto, (max-width: 774px) 100vw, 774px\" \/><\/a><\/p>\n<div style=\"width: 848px;\" class=\"wp-video\"><!--[if lt IE 9]><script>document.createElement('video');<\/script><![endif]-->\n<video class=\"wp-video-shortcode\" id=\"video-12385-1\" width=\"848\" height=\"480\" preload=\"metadata\" controls=\"controls\"><source type=\"video\/mp4\" src=\"https:\/\/agora.xtec.cat\/ceipsab\/wp-content\/uploads\/usu1011\/2026\/02\/WhatsApp-Video-2026-02-11-at-13.33.40.mp4?_=1\" \/><a href=\"https:\/\/agora.xtec.cat\/ceipsab\/wp-content\/uploads\/usu1011\/2026\/02\/WhatsApp-Video-2026-02-11-at-13.33.40.mp4\">https:\/\/agora.xtec.cat\/ceipsab\/wp-content\/uploads\/usu1011\/2026\/02\/WhatsApp-Video-2026-02-11-at-13.33.40.mp4<\/a><\/video><\/div>\n<p>&nbsp;<\/p>\n","protected":false},"excerpt":{"rendered":"<p>Moltes gr\u00e0cies a tots per fer possible la nostra cursa solid\u00e0ria. Va ser una jornada emocionant en qu\u00e8 va participar tota l&#8217;escola. Gr\u00e0cies a la implicaci\u00f3 de tota la comunitat educativa, hem aconseguit recaptar 745 \u20ac que aniran destinats \u00edntegrament a Save the Children.<a href=\"https:\/\/agora.xtec.cat\/ceipsab\/wp-content\/uploads\/usu1011\/2026\/02\/Cursa-solidaria_page-0001.jpg\"><\/a><br \/>\n<a&hellip;  <a href=\"https:\/\/agora.xtec.cat\/ceipsab\/portada\/cursa-solidaria\/\" title=\"Read CURSA SOLIDARIA\">Llegeix m\u00e9s\u00bb<\/a><\/p>\n","protected":false},"author":3,"featured_media":12388,"comment_status":"open","ping_status":"open","sticky":false,"template":"","format":"standard","meta":{"_bbp_topic_count":0,"_bbp_reply_count":0,"_bbp_total_topic_count":0,"_bbp_total_reply_count":0,"_bbp_voice_count":0,"_bbp_anonymous_reply_count":0,"_bbp_topic_count_hidden":0,"_bbp_reply_count_hidden":0,"_bbp_forum_subforum_count":0,"footnotes":""},"categories":[4],"tags":[],"class_list":["post-12385","post","type-post","status-publish","format-standard","has-post-thumbnail","hentry","category-portada"],"post_mailing_queue_ids":[],"_links":{"self":[{"href":"https:\/\/agora.xtec.cat\/ceipsab\/wp-json\/wp\/v2\/posts\/12385","targetHints":{"allow":["GET"]}}],"collection":[{"href":"https:\/\/agora.xtec.cat\/ceipsab\/wp-json\/wp\/v2\/posts"}],"about":[{"href":"https:\/\/agora.xtec.cat\/ceipsab\/wp-json\/wp\/v2\/types\/post"}],"author":[{"embeddable":true,"href":"https:\/\/agora.xtec.cat\/ceipsab\/wp-json\/wp\/v2\/users\/3"}],"replies":[{"embeddable":true,"href":"https:\/\/agora.xtec.cat\/ceipsab\/wp-json\/wp\/v2\/comments?post=12385"}],"version-history":[{"count":3,"href":"https:\/\/agora.xtec.cat\/ceipsab\/wp-json\/wp\/v2\/posts\/12385\/revisions"}],"predecessor-version":[{"id":12392,"href":"https:\/\/agora.xtec.cat\/ceipsab\/wp-json\/wp\/v2\/posts\/12385\/revisions\/12392"}],"wp:featuredmedia":[{"embeddable":true,"href":"https:\/\/agora.xtec.cat\/ceipsab\/wp-json\/wp\/v2\/media\/12388"}],"wp:attachment":[{"href":"https:\/\/agora.xtec.cat\/ceipsab\/wp-json\/wp\/v2\/media?parent=12385"}],"wp:term":[{"taxonomy":"category","embeddable":true,"href":"https:\/\/agora.xtec.cat\/ceipsab\/wp-json\/wp\/v2\/categories?post=12385"},{"taxonomy":"post_tag","embeddable":true,"href":"https:\/\/agora.xtec.cat\/ceipsab\/wp-json\/wp\/v2\/tags?post=12385"}],"curies":[{"name":"wp","href":"https:\/\/api.w.org\/{rel}","templated":true}]}}