{"id":12368,"date":"2026-02-06T09:00:05","date_gmt":"2026-02-06T08:00:05","guid":{"rendered":"https:\/\/agora.xtec.cat\/ceipsab\/?p=12368"},"modified":"2026-03-25T09:17:13","modified_gmt":"2026-03-25T08:17:13","slug":"portes-obertes-la-nostra-escola-4","status":"publish","type":"post","link":"https:\/\/agora.xtec.cat\/ceipsab\/portada\/portes-obertes-la-nostra-escola-4\/","title":{"rendered":"PORTES OBERTES: La nostra escola"},"content":{"rendered":"<p data-sourcepos=\"1:1-1:15\">Benvolguts\/des,<\/p>\n<p data-sourcepos=\"3:1-3:159\">Us fem arribar una mostra del nostre projecte educatiu per tal que pugueu con\u00e8ixer de primera m\u00e0 la nostra proposta pedag\u00f2gica i els valors que ens defineixen.<\/p>\n<p data-sourcepos=\"5:1-5:347\">En aquesta mostra, trobareu v\u00eddeos representatius de les activitats que realitzem a tots els cicles educatius, des d&#8217;infantil fins a sis\u00e8, aix\u00ed com de les especialitats, l&#8217;AFA i menjador.<\/p>\n<p data-sourcepos=\"7:1-7:136\">Esperem que aquesta mostra us sigui \u00fatil per con\u00e8ixer el nostre projecte i que us animeu a formar part de la nostra comunitat educativa.<\/p>\n<p data-sourcepos=\"7:1-7:136\">Per qualsevol dubte ens podeu trucar o escriure un correu.<\/p>\n<p data-sourcepos=\"7:1-7:136\"><strong>93 682 83 44\u00a0<\/strong><\/p>\n<p data-sourcepos=\"7:1-7:136\"><strong>a8060848@xtec.cat<\/strong><\/p>\n<p data-pm-slice=\"1 1 []\">Feu clic a les diferents icones per poder visualitzar els v\u00eddeos.<\/p>\n<p><a href=\"https:\/\/www.canva.com\/design\/DAFarf0E4h8\/view\">clica a la imatge<\/a><\/p>\n<div style=\"position: relative; width: 100%; height: 0; padding-top: 56.2500%; padding-bottom: 0; box-shadow: 0 2px 8px 0 rgba(63,69,81,0.16); margin-top: 1.6em; margin-bottom: 0.9em; overflow: hidden; border-radius: 8px; will-change: transform;\"><iframe style=\"position: absolute; width: 100%; height: 100%; top: 0; left: 0; border: none; padding: 0; margin: 0;\" src=\"https:\/\/www.canva.com\/design\/DAFarf0E4h8\/view?embed\" allowfullscreen=\"allowfullscreen\"><br \/>\n<\/iframe><\/div>\n<p>&nbsp;<\/p>\n<p>&nbsp;<\/p>\n<p>&nbsp;<\/p>\n","protected":false},"excerpt":{"rendered":"<p>Benvolguts\/des,<br \/>\nUs fem arribar una mostra del nostre projecte educatiu per tal que pugueu con\u00e8ixer de primera m\u00e0 la nostra proposta pedag\u00f2gica i els valors que ens defineixen.<br \/>\nEn aquesta mostra, trobareu v\u00eddeos representatius de les activitats que realitzem a tots els cicles educatius, des d&#8217;infantil fins&hellip;  <a href=\"https:\/\/agora.xtec.cat\/ceipsab\/portada\/portes-obertes-la-nostra-escola-4\/\" title=\"Read PORTES OBERTES: La nostra escola\">Llegeix m\u00e9s\u00bb<\/a><\/p>\n","protected":false},"author":3,"featured_media":11222,"comment_status":"open","ping_status":"open","sticky":false,"template":"","format":"standard","meta":{"_bbp_topic_count":0,"_bbp_reply_count":0,"_bbp_total_topic_count":0,"_bbp_total_reply_count":0,"_bbp_voice_count":0,"_bbp_anonymous_reply_count":0,"_bbp_topic_count_hidden":0,"_bbp_reply_count_hidden":0,"_bbp_forum_subforum_count":0,"footnotes":""},"categories":[4],"tags":[269],"class_list":["post-12368","post","type-post","status-publish","format-standard","has-post-thumbnail","hentry","category-portada","tag-portes-obertes"],"post_mailing_queue_ids":[],"_links":{"self":[{"href":"https:\/\/agora.xtec.cat\/ceipsab\/wp-json\/wp\/v2\/posts\/12368","targetHints":{"allow":["GET"]}}],"collection":[{"href":"https:\/\/agora.xtec.cat\/ceipsab\/wp-json\/wp\/v2\/posts"}],"about":[{"href":"https:\/\/agora.xtec.cat\/ceipsab\/wp-json\/wp\/v2\/types\/post"}],"author":[{"embeddable":true,"href":"https:\/\/agora.xtec.cat\/ceipsab\/wp-json\/wp\/v2\/users\/3"}],"replies":[{"embeddable":true,"href":"https:\/\/agora.xtec.cat\/ceipsab\/wp-json\/wp\/v2\/comments?post=12368"}],"version-history":[{"count":4,"href":"https:\/\/agora.xtec.cat\/ceipsab\/wp-json\/wp\/v2\/posts\/12368\/revisions"}],"predecessor-version":[{"id":12372,"href":"https:\/\/agora.xtec.cat\/ceipsab\/wp-json\/wp\/v2\/posts\/12368\/revisions\/12372"}],"wp:featuredmedia":[{"embeddable":true,"href":"https:\/\/agora.xtec.cat\/ceipsab\/wp-json\/wp\/v2\/media\/11222"}],"wp:attachment":[{"href":"https:\/\/agora.xtec.cat\/ceipsab\/wp-json\/wp\/v2\/media?parent=12368"}],"wp:term":[{"taxonomy":"category","embeddable":true,"href":"https:\/\/agora.xtec.cat\/ceipsab\/wp-json\/wp\/v2\/categories?post=12368"},{"taxonomy":"post_tag","embeddable":true,"href":"https:\/\/agora.xtec.cat\/ceipsab\/wp-json\/wp\/v2\/tags?post=12368"}],"curies":[{"name":"wp","href":"https:\/\/api.w.org\/{rel}","templated":true}]}}