{"id":12341,"date":"2026-01-13T11:07:35","date_gmt":"2026-01-13T10:07:35","guid":{"rendered":"https:\/\/agora.xtec.cat\/ceipsab\/?p=12341"},"modified":"2026-01-13T11:07:35","modified_gmt":"2026-01-13T10:07:35","slug":"han-arribat-els-reis-mags","status":"publish","type":"post","link":"https:\/\/agora.xtec.cat\/ceipsab\/portada\/han-arribat-els-reis-mags\/","title":{"rendered":"HAN ARRIBAT ELS REIS MAGS"},"content":{"rendered":"<p data-path-to-node=\"2\">Quina il\u00b7lusi\u00f3!!!!!<\/p>\n<p data-path-to-node=\"2\">Els Reis Mags d&#8217;Orient han fet una parada m\u00e0gica a la nostra escola. Tot aix\u00f2 ha estat possible gr\u00e0cies a la carta que va enviar la nostra AFA.<\/p>\n<p data-path-to-node=\"3\">Volem agrair a l\u2019AFA per la seva implicaci\u00f3, el seu temps. Gr\u00e0cies ser el millor enlla\u00e7 amb Ses Majestats!<a href=\"https:\/\/photos.app.goo.gl\/uAWYJ3m86GrbZBkRA\"><img loading=\"lazy\" decoding=\"async\" class=\"aligncenter wp-image-12342\" src=\"https:\/\/agora.xtec.cat\/ceipsab\/wp-content\/uploads\/usu1011\/2026\/01\/WhatsApp-Image-2026-01-13-at-08.53.39-1.jpeg\" alt=\"\" width=\"655\" height=\"655\" srcset=\"https:\/\/agora.xtec.cat\/ceipsab\/wp-content\/uploads\/usu1011\/2026\/01\/WhatsApp-Image-2026-01-13-at-08.53.39-1.jpeg 1080w, https:\/\/agora.xtec.cat\/ceipsab\/wp-content\/uploads\/usu1011\/2026\/01\/WhatsApp-Image-2026-01-13-at-08.53.39-1-300x300.jpeg 300w, https:\/\/agora.xtec.cat\/ceipsab\/wp-content\/uploads\/usu1011\/2026\/01\/WhatsApp-Image-2026-01-13-at-08.53.39-1-1024x1024.jpeg 1024w, https:\/\/agora.xtec.cat\/ceipsab\/wp-content\/uploads\/usu1011\/2026\/01\/WhatsApp-Image-2026-01-13-at-08.53.39-1-150x150.jpeg 150w, https:\/\/agora.xtec.cat\/ceipsab\/wp-content\/uploads\/usu1011\/2026\/01\/WhatsApp-Image-2026-01-13-at-08.53.39-1-768x768.jpeg 768w\" sizes=\"auto, (max-width: 655px) 100vw, 655px\" \/><\/a><\/p>\n","protected":false},"excerpt":{"rendered":"<p>Quina il\u00b7lusi\u00f3!!!!!<br \/>\nEls Reis Mags d&#8217;Orient han fet una parada m\u00e0gica a la nostra escola. Tot aix\u00f2 ha estat possible gr\u00e0cies a la carta que va enviar la nostra AFA.<br \/>\nVolem agrair a l\u2019AFA per la seva implicaci\u00f3, el seu temps. Gr\u00e0cies ser el millor enlla\u00e7 amb&hellip;  <a href=\"https:\/\/agora.xtec.cat\/ceipsab\/portada\/han-arribat-els-reis-mags\/\" title=\"Read HAN ARRIBAT ELS REIS MAGS\">Llegeix m\u00e9s\u00bb<\/a><\/p>\n","protected":false},"author":3,"featured_media":12342,"comment_status":"open","ping_status":"open","sticky":false,"template":"","format":"standard","meta":{"_bbp_topic_count":0,"_bbp_reply_count":0,"_bbp_total_topic_count":0,"_bbp_total_reply_count":0,"_bbp_voice_count":0,"_bbp_anonymous_reply_count":0,"_bbp_topic_count_hidden":0,"_bbp_reply_count_hidden":0,"_bbp_forum_subforum_count":0,"footnotes":""},"categories":[4],"tags":[111],"class_list":["post-12341","post","type-post","status-publish","format-standard","has-post-thumbnail","hentry","category-portada","tag-nadal"],"post_mailing_queue_ids":[],"_links":{"self":[{"href":"https:\/\/agora.xtec.cat\/ceipsab\/wp-json\/wp\/v2\/posts\/12341","targetHints":{"allow":["GET"]}}],"collection":[{"href":"https:\/\/agora.xtec.cat\/ceipsab\/wp-json\/wp\/v2\/posts"}],"about":[{"href":"https:\/\/agora.xtec.cat\/ceipsab\/wp-json\/wp\/v2\/types\/post"}],"author":[{"embeddable":true,"href":"https:\/\/agora.xtec.cat\/ceipsab\/wp-json\/wp\/v2\/users\/3"}],"replies":[{"embeddable":true,"href":"https:\/\/agora.xtec.cat\/ceipsab\/wp-json\/wp\/v2\/comments?post=12341"}],"version-history":[{"count":2,"href":"https:\/\/agora.xtec.cat\/ceipsab\/wp-json\/wp\/v2\/posts\/12341\/revisions"}],"predecessor-version":[{"id":12344,"href":"https:\/\/agora.xtec.cat\/ceipsab\/wp-json\/wp\/v2\/posts\/12341\/revisions\/12344"}],"wp:featuredmedia":[{"embeddable":true,"href":"https:\/\/agora.xtec.cat\/ceipsab\/wp-json\/wp\/v2\/media\/12342"}],"wp:attachment":[{"href":"https:\/\/agora.xtec.cat\/ceipsab\/wp-json\/wp\/v2\/media?parent=12341"}],"wp:term":[{"taxonomy":"category","embeddable":true,"href":"https:\/\/agora.xtec.cat\/ceipsab\/wp-json\/wp\/v2\/categories?post=12341"},{"taxonomy":"post_tag","embeddable":true,"href":"https:\/\/agora.xtec.cat\/ceipsab\/wp-json\/wp\/v2\/tags?post=12341"}],"curies":[{"name":"wp","href":"https:\/\/api.w.org\/{rel}","templated":true}]}}