{"id":12206,"date":"2025-06-20T10:52:44","date_gmt":"2025-06-20T08:52:44","guid":{"rendered":"https:\/\/agora.xtec.cat\/ceipsab\/?p=12206"},"modified":"2025-06-20T10:52:44","modified_gmt":"2025-06-20T08:52:44","slug":"gimcana-final-de-curs-2","status":"publish","type":"post","link":"https:\/\/agora.xtec.cat\/ceipsab\/portada\/gimcana-final-de-curs-2\/","title":{"rendered":"Gimcana final de curs"},"content":{"rendered":"<p data-sourcepos=\"5:1-5:184\">Ja tenim aqu\u00ed les fotos de la nostra <strong>gimcana de final de curs<\/strong>, amb tots i cadascun dels cracks de l&#8217;escola!<\/p>\n<p data-sourcepos=\"7:1-7:256\">Si voleu reviure els moments m\u00e9s \u00e8pics, les cares de concentraci\u00f3 m\u00e0xima i alguna que altra ganyota memorable, nom\u00e9s heu de clicar a l&#8217;enlla\u00e7 de sota.<\/p>\n<p><a href=\"https:\/\/photos.app.goo.gl\/R3r3B3rVpVZpXJu17\">https:\/\/photos.app.goo.gl\/R3r3B3rVpVZpXJu17<\/a><\/p>\n<p><a href=\"https:\/\/photos.app.goo.gl\/R3r3B3rVpVZpXJu17\" target=\"_blank\" rel=\"noopener\"><img loading=\"lazy\" decoding=\"async\" class=\"aligncenter wp-image-12207\" src=\"https:\/\/agora.xtec.cat\/ceipsab\/wp-content\/uploads\/usu1011\/2025\/06\/WhatsApp-Image-2025-06-19-at-17.25.17-2.jpeg\" alt=\"\" width=\"196\" height=\"261\" srcset=\"https:\/\/agora.xtec.cat\/ceipsab\/wp-content\/uploads\/usu1011\/2025\/06\/WhatsApp-Image-2025-06-19-at-17.25.17-2.jpeg 1530w, https:\/\/agora.xtec.cat\/ceipsab\/wp-content\/uploads\/usu1011\/2025\/06\/WhatsApp-Image-2025-06-19-at-17.25.17-2-225x300.jpeg 225w, https:\/\/agora.xtec.cat\/ceipsab\/wp-content\/uploads\/usu1011\/2025\/06\/WhatsApp-Image-2025-06-19-at-17.25.17-2-768x1024.jpeg 768w, https:\/\/agora.xtec.cat\/ceipsab\/wp-content\/uploads\/usu1011\/2025\/06\/WhatsApp-Image-2025-06-19-at-17.25.17-2-1152x1536.jpeg 1152w\" sizes=\"auto, (max-width: 196px) 100vw, 196px\" \/><\/a><\/p>\n","protected":false},"excerpt":{"rendered":"<p>Ja tenim aqu\u00ed les fotos de la nostra gimcana de final de curs, amb tots i cadascun dels cracks de l&#8217;escola!<br \/>\nSi voleu reviure els moments m\u00e9s \u00e8pics, les cares de concentraci\u00f3 m\u00e0xima i alguna que altra ganyota memorable, nom\u00e9s heu de clicar a l&#8217;enlla\u00e7 de&hellip;  <a href=\"https:\/\/agora.xtec.cat\/ceipsab\/portada\/gimcana-final-de-curs-2\/\" title=\"Read Gimcana final de curs\">Llegeix m\u00e9s\u00bb<\/a><\/p>\n","protected":false},"author":3,"featured_media":12207,"comment_status":"open","ping_status":"open","sticky":false,"template":"","format":"standard","meta":{"_bbp_topic_count":0,"_bbp_reply_count":0,"_bbp_total_topic_count":0,"_bbp_total_reply_count":0,"_bbp_voice_count":0,"_bbp_anonymous_reply_count":0,"_bbp_topic_count_hidden":0,"_bbp_reply_count_hidden":0,"_bbp_forum_subforum_count":0,"footnotes":""},"categories":[4],"tags":[287],"class_list":["post-12206","post","type-post","status-publish","format-standard","has-post-thumbnail","hentry","category-portada","tag-gimcana"],"post_mailing_queue_ids":[],"_links":{"self":[{"href":"https:\/\/agora.xtec.cat\/ceipsab\/wp-json\/wp\/v2\/posts\/12206","targetHints":{"allow":["GET"]}}],"collection":[{"href":"https:\/\/agora.xtec.cat\/ceipsab\/wp-json\/wp\/v2\/posts"}],"about":[{"href":"https:\/\/agora.xtec.cat\/ceipsab\/wp-json\/wp\/v2\/types\/post"}],"author":[{"embeddable":true,"href":"https:\/\/agora.xtec.cat\/ceipsab\/wp-json\/wp\/v2\/users\/3"}],"replies":[{"embeddable":true,"href":"https:\/\/agora.xtec.cat\/ceipsab\/wp-json\/wp\/v2\/comments?post=12206"}],"version-history":[{"count":1,"href":"https:\/\/agora.xtec.cat\/ceipsab\/wp-json\/wp\/v2\/posts\/12206\/revisions"}],"predecessor-version":[{"id":12208,"href":"https:\/\/agora.xtec.cat\/ceipsab\/wp-json\/wp\/v2\/posts\/12206\/revisions\/12208"}],"wp:featuredmedia":[{"embeddable":true,"href":"https:\/\/agora.xtec.cat\/ceipsab\/wp-json\/wp\/v2\/media\/12207"}],"wp:attachment":[{"href":"https:\/\/agora.xtec.cat\/ceipsab\/wp-json\/wp\/v2\/media?parent=12206"}],"wp:term":[{"taxonomy":"category","embeddable":true,"href":"https:\/\/agora.xtec.cat\/ceipsab\/wp-json\/wp\/v2\/categories?post=12206"},{"taxonomy":"post_tag","embeddable":true,"href":"https:\/\/agora.xtec.cat\/ceipsab\/wp-json\/wp\/v2\/tags?post=12206"}],"curies":[{"name":"wp","href":"https:\/\/api.w.org\/{rel}","templated":true}]}}