{"id":12203,"date":"2025-06-18T11:26:35","date_gmt":"2025-06-18T09:26:35","guid":{"rendered":"https:\/\/agora.xtec.cat\/ceipsab\/?p=12203"},"modified":"2025-06-18T11:26:35","modified_gmt":"2025-06-18T09:26:35","slug":"els-gegants-de-sant-andreu-ens-han-visitat","status":"publish","type":"post","link":"https:\/\/agora.xtec.cat\/ceipsab\/primaria\/els-gegants-de-sant-andreu-ens-han-visitat\/","title":{"rendered":"ELS GEGANTS DE SANT ANDREU ENS HAN VISITAT"},"content":{"rendered":"<p>Aquest dimarts 17 de febrer al mat\u00ed hem tingut el plaer de rebre al centre l&#8217;Agrupaci\u00f3 Cultural Aig\u00fcestoses amb els seus gegants.<\/p>\n<p>Han ofert un taller-xerrada a l&#8217;alumnat de 2n i 3r i, m\u00e9s tard, hem baixat una estoneta a la pista a veure com ballaven alguns dels seus magn\u00edfics personatges.<\/p>\n<p>Us deixem fotos i v\u00eddeos per gaudir-ho.<\/p>\n<p>Bon estiu!<\/p>\n<p>&nbsp;<\/p>\n<p><a href=\"https:\/\/photos.app.goo.gl\/6QY5d7s6kZqibjfL7\"><img loading=\"lazy\" decoding=\"async\" class=\"alignnone size-full wp-image-12204\" src=\"https:\/\/agora.xtec.cat\/ceipsab\/wp-content\/uploads\/usu1011\/2025\/06\/gegants-de-sant-andreu-de-la-barca_1607299907.jpg\" alt=\"\" width=\"575\" height=\"865\" srcset=\"https:\/\/agora.xtec.cat\/ceipsab\/wp-content\/uploads\/usu1011\/2025\/06\/gegants-de-sant-andreu-de-la-barca_1607299907.jpg 575w, https:\/\/agora.xtec.cat\/ceipsab\/wp-content\/uploads\/usu1011\/2025\/06\/gegants-de-sant-andreu-de-la-barca_1607299907-199x300.jpg 199w\" sizes=\"auto, (max-width: 575px) 100vw, 575px\" \/><\/a><\/p>\n","protected":false},"excerpt":{"rendered":"<p>Aquest dimarts 17 de febrer al mat\u00ed hem tingut el plaer de rebre al centre l&#8217;Agrupaci\u00f3 Cultural Aig\u00fcestoses amb els seus gegants.<br \/>\nHan ofert un taller-xerrada a l&#8217;alumnat de 2n i 3r i, m\u00e9s tard, hem baixat una estoneta a la pista a veure com ballaven&hellip;  <a href=\"https:\/\/agora.xtec.cat\/ceipsab\/primaria\/els-gegants-de-sant-andreu-ens-han-visitat\/\" title=\"Read ELS GEGANTS DE SANT ANDREU ENS HAN VISITAT\">Llegeix m\u00e9s\u00bb<\/a><\/p>\n","protected":false},"author":1,"featured_media":12204,"comment_status":"open","ping_status":"open","sticky":false,"template":"","format":"standard","meta":{"_bbp_topic_count":0,"_bbp_reply_count":0,"_bbp_total_topic_count":0,"_bbp_total_reply_count":0,"_bbp_voice_count":0,"_bbp_anonymous_reply_count":0,"_bbp_topic_count_hidden":0,"_bbp_reply_count_hidden":0,"_bbp_forum_subforum_count":0,"footnotes":""},"categories":[64,65,62,5],"tags":[471,472,408,114,470],"class_list":["post-12203","post","type-post","status-publish","format-standard","has-post-thumbnail","hentry","category-cicle-mitja","category-cicle-superior","category-educacio-infantil","category-primaria","tag-aiguestoses","tag-cultura","tag-entitats","tag-escolasab","tag-gegants"],"post_mailing_queue_ids":[],"_links":{"self":[{"href":"https:\/\/agora.xtec.cat\/ceipsab\/wp-json\/wp\/v2\/posts\/12203","targetHints":{"allow":["GET"]}}],"collection":[{"href":"https:\/\/agora.xtec.cat\/ceipsab\/wp-json\/wp\/v2\/posts"}],"about":[{"href":"https:\/\/agora.xtec.cat\/ceipsab\/wp-json\/wp\/v2\/types\/post"}],"author":[{"embeddable":true,"href":"https:\/\/agora.xtec.cat\/ceipsab\/wp-json\/wp\/v2\/users\/1"}],"replies":[{"embeddable":true,"href":"https:\/\/agora.xtec.cat\/ceipsab\/wp-json\/wp\/v2\/comments?post=12203"}],"version-history":[{"count":1,"href":"https:\/\/agora.xtec.cat\/ceipsab\/wp-json\/wp\/v2\/posts\/12203\/revisions"}],"predecessor-version":[{"id":12205,"href":"https:\/\/agora.xtec.cat\/ceipsab\/wp-json\/wp\/v2\/posts\/12203\/revisions\/12205"}],"wp:featuredmedia":[{"embeddable":true,"href":"https:\/\/agora.xtec.cat\/ceipsab\/wp-json\/wp\/v2\/media\/12204"}],"wp:attachment":[{"href":"https:\/\/agora.xtec.cat\/ceipsab\/wp-json\/wp\/v2\/media?parent=12203"}],"wp:term":[{"taxonomy":"category","embeddable":true,"href":"https:\/\/agora.xtec.cat\/ceipsab\/wp-json\/wp\/v2\/categories?post=12203"},{"taxonomy":"post_tag","embeddable":true,"href":"https:\/\/agora.xtec.cat\/ceipsab\/wp-json\/wp\/v2\/tags?post=12203"}],"curies":[{"name":"wp","href":"https:\/\/api.w.org\/{rel}","templated":true}]}}